{"id":706,"date":"2024-02-12T13:26:16","date_gmt":"2024-02-12T19:26:16","guid":{"rendered":"https:\/\/andellac.com.mx\/blog\/?p=706"},"modified":"2026-04-08T17:27:44","modified_gmt":"2026-04-08T23:27:44","slug":"primer-curso-de-alineacion-y-balanceo-basico-del-ano","status":"publish","type":"post","link":"https:\/\/andellac.com.mx\/blog\/primer-curso-de-alineacion-y-balanceo-basico-del-ano\/","title":{"rendered":"Primer curso de alineaci\u00f3n y balanceo b\u00e1sico del a\u00f1o"},"content":{"rendered":"\n<p>La Asociaci\u00f3n Nacional de Distribuidores de Llantas y Plantas Renovadoras se complace en anunciar el exitoso desarrollo y conclusi\u00f3n del curso especializado en alineaci\u00f3n y balanceo b\u00e1sico, el primer curso del a\u00f1o; llevado a cabo los d\u00edas 6 y 7 de febrero en la Ciudad de M\u00e9xico.<\/p>\n\n\n\n<p>El evento, dise\u00f1ado para brindar a los participantes conocimientos fundamentales en t\u00e9cnicas de alineaci\u00f3n y balanceo, ha sido recibido con gran entusiasmo y participaci\u00f3n por parte de asistentes. Durante dos d\u00edas intensivos de aprendizaje pr\u00e1ctico y te\u00f3rico, los asistentes tuvieron la oportunidad de profundizar en las mejores pr\u00e1cticas y \u00faltimas tecnolog\u00edas en este campo crucial para la seguridad y el rendimiento vehicular.<\/p>\n\n\n\n<p>El curso, impartido por el Ing. Jos\u00e9 Manuel Casta\u00f1eda, abord\u00f3 una amplia gama de temas, desde los conceptos b\u00e1sicos hasta los fundamentos de la alineaci\u00f3n y balanceo, t\u00e9cnicas de diagn\u00f3stico y correcci\u00f3n. Los participantes adquirieron habilidades pr\u00e1cticas que les permitir\u00e1n mejorar la eficiencia y precisi\u00f3n de sus servicios, satisfaciendo as\u00ed las demandas cada vez m\u00e1s exigentes de los consumidores en materia de mantenimiento automotriz.<\/p>\n\n\n\n<h3 class=\"wp-block-heading\">Testimoniales<\/h3>\n\n\n<div class=\"wp-block-jetpack-story wp-story aligncenter\" data-id=\"wp-story-706-1\" data-settings=\"{&#34;slides&#34;:[{&#34;alt&#34;:&#34;&#34;,&#34;title&#34;:&#34;Joselin&#34;,&#34;id&#34;:720,&#34;link&#34;:&#34;https:\/\/andellac.com.mx\/blog\/primer-curso-de-alineacion-y-balanceo-basico-del-ano\/joselin\/&#34;,&#34;type&#34;:&#34;video&#34;,&#34;mime&#34;:&#34;video\/mp4&#34;,&#34;caption&#34;:&#34;&#34;,&#34;width&#34;:1080,&#34;height&#34;:1920,&#34;url&#34;:&#34;https:\/\/andellac.com.mx\/blog\/wp-content\/uploads\/2024\/02\/Joselin.mp4&#34;,&#34;poster&#34;:null},{&#34;alt&#34;:&#34;&#34;,&#34;title&#34;:&#34;Jared&#34;,&#34;id&#34;:721,&#34;link&#34;:&#34;https:\/\/andellac.com.mx\/blog\/primer-curso-de-alineacion-y-balanceo-basico-del-ano\/jared\/&#34;,&#34;type&#34;:&#34;video&#34;,&#34;mime&#34;:&#34;video\/mp4&#34;,&#34;caption&#34;:&#34;&#34;,&#34;width&#34;:1080,&#34;height&#34;:1920,&#34;url&#34;:&#34;https:\/\/andellac.com.mx\/blog\/wp-content\/uploads\/2024\/02\/Jared.mp4&#34;,&#34;poster&#34;:null},{&#34;alt&#34;:&#34;&#34;,&#34;title&#34;:&#34;Purple-Modern-Soft-Gradient-Client-Testimonial-for-Instagram-Story&#34;,&#34;id&#34;:723,&#34;link&#34;:&#34;https:\/\/andellac.com.mx\/blog\/primer-curso-de-alineacion-y-balanceo-basico-del-ano\/purple-modern-soft-gradient-client-testimonial-for-instagram-story\/&#34;,&#34;type&#34;:&#34;video&#34;,&#34;caption&#34;:&#34;&#34;,&#34;url&#34;:&#34;https:\/\/andellac.com.mx\/blog\/wp-content\/uploads\/2024\/02\/Purple-Modern-Soft-Gradient-Client-Testimonial-for-Instagram-Story.mp4&#34;,&#34;mime&#34;:&#34;video\/mp4&#34;,&#34;width&#34;:1080,&#34;height&#34;:1920,&#34;poster&#34;:null}]}\">\n\t\t\t<div class=\"wp-story-app\">\n\t\t\t\t<div class=\"wp-story-display-contents\" style=\"display: contents;\">\n\t\t\t\t\t<a class=\"wp-story-container\" href=\"https:\/\/andellac.com.mx\/blog\/primer-curso-de-alineacion-y-balanceo-basico-del-ano\/?wp-story-load-in-fullscreen=true&amp;wp-story-play-on-load=true\" title=\"\ufeffReproducir historia en una nueva pesta\u00f1a\">\n\t\t\t\t\t\t<div class=\"wp-story-meta\">\n\t\t\t\t\t\t\t<div class=\"wp-story-icon\">\n\t\t\t\t\t\t\t\t<img decoding=\"async\" alt=\"Icono del sitio\" src=\"https:\/\/andellac.com.mx\/blog\/wp-content\/uploads\/2023\/06\/cropped-iconografia-150x150.png\" width=\"40\" height=\"40\">\n\t\t\t\t\t\t\t<\/div>\n\t\t\t\t\t\t\t<div>\n\t\t\t\t\t\t\t\t<div class=\"wp-story-title\">\n\t\t\t\t\t\t\t\t\tHistoria\n\t\t\t\t\t\t\t\t<\/div>\n\t\t\t\t\t\t\t<\/div>\n\t\t\t\t\t\t<\/div>\n\t\t\t\t\t\t<div class=\"wp-story-wrapper\">\n\t\t\t\t\t\t\t<div class=\"wp-story-slide\" style=\"display: block;\">\n\t\t\t<figure><video\n\t\t\ttitle=\"Joselin\"\n\t\t\ttype=\"video\/mp4\"\n\t\t\tclass=\"wp-story-video intrinsic-ignore wp-video-720\"\n\t\t\tdata-id=\"720\"\n\t\t\tsrc=\"https:\/\/andellac.com.mx\/blog\/wp-content\/uploads\/2024\/02\/Joselin.mp4\">\n\t\t<\/video><\/figure>\n\t\t<\/div>\n\t\t\t\t\t\t<\/div>\n\t\t\t\t\t\t<div class=\"wp-story-overlay\">\n\t\t\t\t\t\t\t<div class=\"wp-story-embed-icon-expand\">\n\t\t\t\t<svg class=\"gridicon gridicons-fullscreen\" role=\"img\" height=\"24\" width=\"24\" xmlns=\"http:\/\/www.w3.org\/2000\/svg\" viewBox=\"0 0 24 24\">\n\t\t\t\t\t<g>\n\t\t\t\t\t\t<path d=\"M21 3v6h-2V6.41l-3.29 3.3-1.42-1.42L17.59 5H15V3zM3 3v6h2V6.41l3.29 3.3 1.42-1.42L6.41 5H9V3zm18 18v-6h-2v2.59l-3.29-3.29-1.41 1.41L17.59 19H15v2zM9 21v-2H6.41l3.29-3.29-1.41-1.42L5 17.59V15H3v6z\"><\/path>\n\t\t\t\t\t<\/g>\n\t\t\t\t<\/svg>\n\t\t\t<\/div>\n\t\t\t\t\t\t<\/div>\n\t\t\t\t\t\t<div class=\"wp-story-pagination wp-story-pagination-bullets\">\n\t\t\t<div class=\"wp-story-pagination-bullet \" aria-label=\"Ir a la diapositiva 1\">\n\t\t\t<div class=\"wp-story-pagination-bullet-bar\"><\/div>\n\t\t<\/div>\n<div class=\"wp-story-pagination-bullet \" aria-label=\"Ir a la diapositiva 2\">\n\t\t\t<div class=\"wp-story-pagination-bullet-bar\"><\/div>\n\t\t<\/div>\n<div class=\"wp-story-pagination-bullet \" aria-label=\"Ir a la diapositiva 3\">\n\t\t\t<div class=\"wp-story-pagination-bullet-bar\"><\/div>\n\t\t<\/div>\n\t\t<\/div>\n\t\t\t\t\t<\/a>\n\t\t\t\t<\/div>\n\t\t\t<\/div>\n\t\t<\/div>\n\n\n<p><\/p>\n\n\n\n<p><strong>La Asociaci\u00f3n Nacional de Distribuidores de Llantas y Plantas Renovadoras<\/strong> se compromete a seguir promoviendo la excelencia en el sector a trav\u00e9s de iniciativas de capacitaci\u00f3n especializada y desarrollo. Con eventos como este curso de alineaci\u00f3n y balanceo b\u00e1sico, la asociaci\u00f3n busca fortalecer la industria y mejorar la seguridad y el rendimiento de los veh\u00edculos en las carreteras de M\u00e9xico.<\/p>\n\n\n\n<p>Para obtener m\u00e1s informaci\u00f3n sobre futuros eventos y actividades de ANDELLAC, visite <a href=\"https:\/\/www.andellac.com.mx\/\">www.andellac.com.mx <\/a>o p\u00f3ngase en contacto con nosotros, <a href=\"https:\/\/buff.ly\/40Zygjc\">clic aqu\u00ed<\/a>.<\/p>\n\n\n\n<h3 class=\"wp-block-heading\">Galer\u00eda fotogr\u00e1fica<\/h3>\n\n\n\n<p><\/p>\n\n\n\n<figure class=\"wp-block-gallery has-nested-images columns-default is-cropped wp-block-gallery-1 is-layout-flex wp-block-gallery-is-layout-flex\">\n<figure class=\"wp-block-image size-large\"><img fetchpriority=\"high\" decoding=\"async\" width=\"1024\" height=\"683\" data-id=\"708\" src=\"https:\/\/andellac.com.mx\/blog\/wp-content\/uploads\/2024\/02\/IMG_1407-1024x683.jpg\" alt=\"\" class=\"wp-image-708\" srcset=\"https:\/\/andellac.com.mx\/blog\/wp-content\/uploads\/2024\/02\/IMG_1407-1024x683.jpg 1024w, https:\/\/andellac.com.mx\/blog\/wp-content\/uploads\/2024\/02\/IMG_1407-300x200.jpg 300w, https:\/\/andellac.com.mx\/blog\/wp-content\/uploads\/2024\/02\/IMG_1407-768x512.jpg 768w, https:\/\/andellac.com.mx\/blog\/wp-content\/uploads\/2024\/02\/IMG_1407-1536x1024.jpg 1536w, https:\/\/andellac.com.mx\/blog\/wp-content\/uploads\/2024\/02\/IMG_1407-2048x1365.jpg 2048w\" sizes=\"(max-width: 1024px) 100vw, 1024px\" \/><\/figure>\n\n\n\n<figure class=\"wp-block-image size-large\"><img decoding=\"async\" width=\"1024\" height=\"683\" data-id=\"711\" src=\"https:\/\/andellac.com.mx\/blog\/wp-content\/uploads\/2024\/02\/IMG_1408-1024x683.jpg\" alt=\"\" class=\"wp-image-711\" srcset=\"https:\/\/andellac.com.mx\/blog\/wp-content\/uploads\/2024\/02\/IMG_1408-1024x683.jpg 1024w, https:\/\/andellac.com.mx\/blog\/wp-content\/uploads\/2024\/02\/IMG_1408-300x200.jpg 300w, https:\/\/andellac.com.mx\/blog\/wp-content\/uploads\/2024\/02\/IMG_1408-768x512.jpg 768w, https:\/\/andellac.com.mx\/blog\/wp-content\/uploads\/2024\/02\/IMG_1408-1536x1024.jpg 1536w, https:\/\/andellac.com.mx\/blog\/wp-content\/uploads\/2024\/02\/IMG_1408-2048x1365.jpg 2048w\" sizes=\"(max-width: 1024px) 100vw, 1024px\" \/><\/figure>\n\n\n\n<figure class=\"wp-block-image size-large\"><img loading=\"lazy\" decoding=\"async\" width=\"1024\" height=\"683\" data-id=\"710\" src=\"https:\/\/andellac.com.mx\/blog\/wp-content\/uploads\/2024\/02\/IMG_1409-1024x683.jpg\" alt=\"\" class=\"wp-image-710\" srcset=\"https:\/\/andellac.com.mx\/blog\/wp-content\/uploads\/2024\/02\/IMG_1409-1024x683.jpg 1024w, https:\/\/andellac.com.mx\/blog\/wp-content\/uploads\/2024\/02\/IMG_1409-300x200.jpg 300w, https:\/\/andellac.com.mx\/blog\/wp-content\/uploads\/2024\/02\/IMG_1409-768x512.jpg 768w, https:\/\/andellac.com.mx\/blog\/wp-content\/uploads\/2024\/02\/IMG_1409-1536x1024.jpg 1536w, https:\/\/andellac.com.mx\/blog\/wp-content\/uploads\/2024\/02\/IMG_1409-2048x1365.jpg 2048w\" sizes=\"(max-width: 1024px) 100vw, 1024px\" \/><\/figure>\n\n\n\n<figure class=\"wp-block-image size-large\"><img loading=\"lazy\" decoding=\"async\" width=\"1024\" height=\"683\" data-id=\"718\" src=\"https:\/\/andellac.com.mx\/blog\/wp-content\/uploads\/2024\/02\/IMG_1418-1-1024x683.jpg\" alt=\"\" class=\"wp-image-718\" srcset=\"https:\/\/andellac.com.mx\/blog\/wp-content\/uploads\/2024\/02\/IMG_1418-1-1024x683.jpg 1024w, https:\/\/andellac.com.mx\/blog\/wp-content\/uploads\/2024\/02\/IMG_1418-1-300x200.jpg 300w, https:\/\/andellac.com.mx\/blog\/wp-content\/uploads\/2024\/02\/IMG_1418-1-768x512.jpg 768w, https:\/\/andellac.com.mx\/blog\/wp-content\/uploads\/2024\/02\/IMG_1418-1-1536x1024.jpg 1536w, https:\/\/andellac.com.mx\/blog\/wp-content\/uploads\/2024\/02\/IMG_1418-1-2048x1365.jpg 2048w\" sizes=\"(max-width: 1024px) 100vw, 1024px\" \/><\/figure>\n\n\n\n<figure class=\"wp-block-image size-large\"><img loading=\"lazy\" decoding=\"async\" width=\"1024\" height=\"768\" data-id=\"717\" src=\"https:\/\/andellac.com.mx\/blog\/wp-content\/uploads\/2024\/02\/20240206_091919-1024x768.jpg\" alt=\"\" class=\"wp-image-717\" srcset=\"https:\/\/andellac.com.mx\/blog\/wp-content\/uploads\/2024\/02\/20240206_091919-1024x768.jpg 1024w, https:\/\/andellac.com.mx\/blog\/wp-content\/uploads\/2024\/02\/20240206_091919-300x225.jpg 300w, https:\/\/andellac.com.mx\/blog\/wp-content\/uploads\/2024\/02\/20240206_091919-768x576.jpg 768w, https:\/\/andellac.com.mx\/blog\/wp-content\/uploads\/2024\/02\/20240206_091919-1536x1152.jpg 1536w, https:\/\/andellac.com.mx\/blog\/wp-content\/uploads\/2024\/02\/20240206_091919-2048x1536.jpg 2048w, https:\/\/andellac.com.mx\/blog\/wp-content\/uploads\/2024\/02\/20240206_091919-1200x900.jpg 1200w, https:\/\/andellac.com.mx\/blog\/wp-content\/uploads\/2024\/02\/20240206_091919-800x600.jpg 800w\" sizes=\"(max-width: 1024px) 100vw, 1024px\" \/><\/figure>\n\n\n\n<figure class=\"wp-block-image size-large\"><img loading=\"lazy\" decoding=\"async\" width=\"1024\" height=\"683\" data-id=\"714\" src=\"https:\/\/andellac.com.mx\/blog\/wp-content\/uploads\/2024\/02\/IMG_1420-1024x683.jpg\" alt=\"\" class=\"wp-image-714\" srcset=\"https:\/\/andellac.com.mx\/blog\/wp-content\/uploads\/2024\/02\/IMG_1420-1024x683.jpg 1024w, https:\/\/andellac.com.mx\/blog\/wp-content\/uploads\/2024\/02\/IMG_1420-300x200.jpg 300w, https:\/\/andellac.com.mx\/blog\/wp-content\/uploads\/2024\/02\/IMG_1420-768x512.jpg 768w, https:\/\/andellac.com.mx\/blog\/wp-content\/uploads\/2024\/02\/IMG_1420-1536x1024.jpg 1536w, https:\/\/andellac.com.mx\/blog\/wp-content\/uploads\/2024\/02\/IMG_1420-2048x1365.jpg 2048w\" sizes=\"(max-width: 1024px) 100vw, 1024px\" \/><\/figure>\n\n\n\n<figure class=\"wp-block-image size-large\"><img loading=\"lazy\" decoding=\"async\" width=\"1024\" height=\"683\" data-id=\"712\" src=\"https:\/\/andellac.com.mx\/blog\/wp-content\/uploads\/2024\/02\/IMG_1421-1-1024x683.jpg\" alt=\"\" class=\"wp-image-712\" srcset=\"https:\/\/andellac.com.mx\/blog\/wp-content\/uploads\/2024\/02\/IMG_1421-1-1024x683.jpg 1024w, https:\/\/andellac.com.mx\/blog\/wp-content\/uploads\/2024\/02\/IMG_1421-1-300x200.jpg 300w, https:\/\/andellac.com.mx\/blog\/wp-content\/uploads\/2024\/02\/IMG_1421-1-768x512.jpg 768w, https:\/\/andellac.com.mx\/blog\/wp-content\/uploads\/2024\/02\/IMG_1421-1-1536x1024.jpg 1536w, https:\/\/andellac.com.mx\/blog\/wp-content\/uploads\/2024\/02\/IMG_1421-1-2048x1365.jpg 2048w\" sizes=\"(max-width: 1024px) 100vw, 1024px\" \/><\/figure>\n<\/figure>\n\n\n\n<figure class=\"wp-block-gallery has-nested-images columns-default is-cropped wp-block-gallery-2 is-layout-flex wp-block-gallery-is-layout-flex\">\n<figure class=\"wp-block-image size-large\"><img loading=\"lazy\" decoding=\"async\" width=\"1024\" height=\"768\" data-id=\"715\" src=\"https:\/\/andellac.com.mx\/blog\/wp-content\/uploads\/2024\/02\/20240206_094437-1024x768.jpg\" alt=\"\" class=\"wp-image-715\" srcset=\"https:\/\/andellac.com.mx\/blog\/wp-content\/uploads\/2024\/02\/20240206_094437-1024x768.jpg 1024w, https:\/\/andellac.com.mx\/blog\/wp-content\/uploads\/2024\/02\/20240206_094437-300x225.jpg 300w, https:\/\/andellac.com.mx\/blog\/wp-content\/uploads\/2024\/02\/20240206_094437-768x576.jpg 768w, https:\/\/andellac.com.mx\/blog\/wp-content\/uploads\/2024\/02\/20240206_094437-1536x1152.jpg 1536w, https:\/\/andellac.com.mx\/blog\/wp-content\/uploads\/2024\/02\/20240206_094437-2048x1536.jpg 2048w, https:\/\/andellac.com.mx\/blog\/wp-content\/uploads\/2024\/02\/20240206_094437-1200x900.jpg 1200w, https:\/\/andellac.com.mx\/blog\/wp-content\/uploads\/2024\/02\/20240206_094437-800x600.jpg 800w\" sizes=\"(max-width: 1024px) 100vw, 1024px\" \/><\/figure>\n\n\n\n<figure class=\"wp-block-image size-large\"><img loading=\"lazy\" decoding=\"async\" width=\"1024\" height=\"768\" data-id=\"716\" src=\"https:\/\/andellac.com.mx\/blog\/wp-content\/uploads\/2024\/02\/20240206_111133-1024x768.jpg\" alt=\"\" class=\"wp-image-716\" srcset=\"https:\/\/andellac.com.mx\/blog\/wp-content\/uploads\/2024\/02\/20240206_111133-1024x768.jpg 1024w, https:\/\/andellac.com.mx\/blog\/wp-content\/uploads\/2024\/02\/20240206_111133-300x225.jpg 300w, https:\/\/andellac.com.mx\/blog\/wp-content\/uploads\/2024\/02\/20240206_111133-768x576.jpg 768w, https:\/\/andellac.com.mx\/blog\/wp-content\/uploads\/2024\/02\/20240206_111133-1536x1152.jpg 1536w, https:\/\/andellac.com.mx\/blog\/wp-content\/uploads\/2024\/02\/20240206_111133-2048x1536.jpg 2048w, https:\/\/andellac.com.mx\/blog\/wp-content\/uploads\/2024\/02\/20240206_111133-1200x900.jpg 1200w, https:\/\/andellac.com.mx\/blog\/wp-content\/uploads\/2024\/02\/20240206_111133-800x600.jpg 800w\" sizes=\"(max-width: 1024px) 100vw, 1024px\" \/><\/figure>\n<\/figure>\n","protected":false},"excerpt":{"rendered":"<p>La Asociaci\u00f3n Nacional de Distribuidores de Llantas y Plantas Renovadoras se complace en anunciar el exitoso desarrollo y conclusi\u00f3n del curso especializado en alineaci\u00f3n y balanceo b\u00e1sico, el primer curso del a\u00f1o; llevado a cabo los d\u00edas 6 y 7 de febrero en la Ciudad de M\u00e9xico. El evento, dise\u00f1ado para brindar a los participantes [&hellip;]<\/p>\n","protected":false},"author":2,"featured_media":0,"comment_status":"closed","ping_status":"closed","sticky":false,"template":"","format":"standard","meta":{"_uag_custom_page_level_css":"","site-sidebar-layout":"default","site-content-layout":"","ast-site-content-layout":"default","site-content-style":"default","site-sidebar-style":"default","ast-global-header-display":"","ast-banner-title-visibility":"","ast-main-header-display":"","ast-hfb-above-header-display":"","ast-hfb-below-header-display":"","ast-hfb-mobile-header-display":"","site-post-title":"","ast-breadcrumbs-content":"","ast-featured-img":"","footer-sml-layout":"","ast-disable-related-posts":"","theme-transparent-header-meta":"","adv-header-id-meta":"","stick-header-meta":"","header-above-stick-meta":"","header-main-stick-meta":"","header-below-stick-meta":"","astra-migrate-meta-layouts":"default","ast-page-background-enabled":"default","ast-page-background-meta":{"desktop":{"background-color":"var(--ast-global-color-4)","background-image":"","background-repeat":"repeat","background-position":"center center","background-size":"auto","background-attachment":"scroll","background-type":"","background-media":"","overlay-type":"","overlay-color":"","overlay-opacity":"","overlay-gradient":""},"tablet":{"background-color":"","background-image":"","background-repeat":"repeat","background-position":"center center","background-size":"auto","background-attachment":"scroll","background-type":"","background-media":"","overlay-type":"","overlay-color":"","overlay-opacity":"","overlay-gradient":""},"mobile":{"background-color":"","background-image":"","background-repeat":"repeat","background-position":"center center","background-size":"auto","background-attachment":"scroll","background-type":"","background-media":"","overlay-type":"","overlay-color":"","overlay-opacity":"","overlay-gradient":""}},"ast-content-background-meta":{"desktop":{"background-color":"var(--ast-global-color-5)","background-image":"","background-repeat":"repeat","background-position":"center center","background-size":"auto","background-attachment":"scroll","background-type":"","background-media":"","overlay-type":"","overlay-color":"","overlay-opacity":"","overlay-gradient":""},"tablet":{"background-color":"var(--ast-global-color-5)","background-image":"","background-repeat":"repeat","background-position":"center center","background-size":"auto","background-attachment":"scroll","background-type":"","background-media":"","overlay-type":"","overlay-color":"","overlay-opacity":"","overlay-gradient":""},"mobile":{"background-color":"var(--ast-global-color-5)","background-image":"","background-repeat":"repeat","background-position":"center center","background-size":"auto","background-attachment":"scroll","background-type":"","background-media":"","overlay-type":"","overlay-color":"","overlay-opacity":"","overlay-gradient":""}},"_jetpack_memberships_contains_paid_content":false,"footnotes":""},"categories":[243,6],"tags":[],"class_list":["post-706","post","type-post","status-publish","format-standard","hentry","category-andellac-en-accion","category-capacitacion"],"yoast_head":"<!-- This site is optimized with the Yoast SEO plugin v27.5 - https:\/\/yoast.com\/product\/yoast-seo-wordpress\/ -->\n<title>Primer curso de alineaci\u00f3n y balanceo b\u00e1sico del a\u00f1o -<\/title>\n<meta name=\"robots\" content=\"index, follow, max-snippet:-1, max-image-preview:large, max-video-preview:-1\" \/>\n<link rel=\"canonical\" href=\"https:\/\/andellac.com.mx\/blog\/primer-curso-de-alineacion-y-balanceo-basico-del-ano\/\" \/>\n<meta property=\"og:locale\" content=\"es_MX\" \/>\n<meta property=\"og:type\" content=\"article\" \/>\n<meta property=\"og:title\" content=\"Primer curso de alineaci\u00f3n y balanceo b\u00e1sico del a\u00f1o -\" \/>\n<meta property=\"og:description\" content=\"La Asociaci\u00f3n Nacional de Distribuidores de Llantas y Plantas Renovadoras se complace en anunciar el exitoso desarrollo y conclusi\u00f3n del curso especializado en alineaci\u00f3n y balanceo b\u00e1sico, el primer curso del a\u00f1o; llevado a cabo los d\u00edas 6 y 7 de febrero en la Ciudad de M\u00e9xico. El evento, dise\u00f1ado para brindar a los participantes [&hellip;]\" \/>\n<meta property=\"og:url\" content=\"https:\/\/andellac.com.mx\/blog\/primer-curso-de-alineacion-y-balanceo-basico-del-ano\/\" \/>\n<meta property=\"article:published_time\" content=\"2024-02-12T19:26:16+00:00\" \/>\n<meta property=\"article:modified_time\" content=\"2026-04-08T23:27:44+00:00\" \/>\n<meta property=\"og:image\" content=\"https:\/\/andellac.com.mx\/blog\/wp-content\/uploads\/2024\/02\/IMG_1407-1024x683.jpg\" \/>\n<meta name=\"author\" content=\"ANDELLAC\" \/>\n<meta name=\"twitter:card\" content=\"summary_large_image\" \/>\n<meta name=\"twitter:label1\" content=\"Escrito por\" \/>\n\t<meta name=\"twitter:data1\" content=\"ANDELLAC\" \/>\n\t<meta name=\"twitter:label2\" content=\"Tiempo de lectura\" \/>\n\t<meta name=\"twitter:data2\" content=\"3 minutos\" \/>\n<script type=\"application\/ld+json\" class=\"yoast-schema-graph\">{\"@context\":\"https:\\\/\\\/schema.org\",\"@graph\":[{\"@type\":\"Article\",\"@id\":\"https:\\\/\\\/andellac.com.mx\\\/blog\\\/primer-curso-de-alineacion-y-balanceo-basico-del-ano\\\/#article\",\"isPartOf\":{\"@id\":\"https:\\\/\\\/andellac.com.mx\\\/blog\\\/primer-curso-de-alineacion-y-balanceo-basico-del-ano\\\/\"},\"author\":{\"name\":\"ANDELLAC\",\"@id\":\"https:\\\/\\\/andellac.com.mx\\\/blog\\\/#\\\/schema\\\/person\\\/a7df3ae636a0904bf928b51245241b0a\"},\"headline\":\"Primer curso de alineaci\u00f3n y balanceo b\u00e1sico del a\u00f1o\",\"datePublished\":\"2024-02-12T19:26:16+00:00\",\"dateModified\":\"2026-04-08T23:27:44+00:00\",\"mainEntityOfPage\":{\"@id\":\"https:\\\/\\\/andellac.com.mx\\\/blog\\\/primer-curso-de-alineacion-y-balanceo-basico-del-ano\\\/\"},\"wordCount\":309,\"image\":{\"@id\":\"https:\\\/\\\/andellac.com.mx\\\/blog\\\/primer-curso-de-alineacion-y-balanceo-basico-del-ano\\\/#primaryimage\"},\"thumbnailUrl\":\"https:\\\/\\\/andellac.com.mx\\\/blog\\\/wp-content\\\/uploads\\\/2024\\\/02\\\/IMG_1407-1024x683.jpg\",\"articleSection\":[\"ANDELLAC en Acci\u00f3n\",\"Capacitaci\u00f3n\"],\"inLanguage\":\"es\"},{\"@type\":\"WebPage\",\"@id\":\"https:\\\/\\\/andellac.com.mx\\\/blog\\\/primer-curso-de-alineacion-y-balanceo-basico-del-ano\\\/\",\"url\":\"https:\\\/\\\/andellac.com.mx\\\/blog\\\/primer-curso-de-alineacion-y-balanceo-basico-del-ano\\\/\",\"name\":\"Primer curso de alineaci\u00f3n y balanceo b\u00e1sico del a\u00f1o -\",\"isPartOf\":{\"@id\":\"https:\\\/\\\/andellac.com.mx\\\/blog\\\/#website\"},\"primaryImageOfPage\":{\"@id\":\"https:\\\/\\\/andellac.com.mx\\\/blog\\\/primer-curso-de-alineacion-y-balanceo-basico-del-ano\\\/#primaryimage\"},\"image\":{\"@id\":\"https:\\\/\\\/andellac.com.mx\\\/blog\\\/primer-curso-de-alineacion-y-balanceo-basico-del-ano\\\/#primaryimage\"},\"thumbnailUrl\":\"https:\\\/\\\/andellac.com.mx\\\/blog\\\/wp-content\\\/uploads\\\/2024\\\/02\\\/IMG_1407-1024x683.jpg\",\"datePublished\":\"2024-02-12T19:26:16+00:00\",\"dateModified\":\"2026-04-08T23:27:44+00:00\",\"author\":{\"@id\":\"https:\\\/\\\/andellac.com.mx\\\/blog\\\/#\\\/schema\\\/person\\\/a7df3ae636a0904bf928b51245241b0a\"},\"breadcrumb\":{\"@id\":\"https:\\\/\\\/andellac.com.mx\\\/blog\\\/primer-curso-de-alineacion-y-balanceo-basico-del-ano\\\/#breadcrumb\"},\"inLanguage\":\"es\",\"potentialAction\":[{\"@type\":\"ReadAction\",\"target\":[\"https:\\\/\\\/andellac.com.mx\\\/blog\\\/primer-curso-de-alineacion-y-balanceo-basico-del-ano\\\/\"]}]},{\"@type\":\"ImageObject\",\"inLanguage\":\"es\",\"@id\":\"https:\\\/\\\/andellac.com.mx\\\/blog\\\/primer-curso-de-alineacion-y-balanceo-basico-del-ano\\\/#primaryimage\",\"url\":\"https:\\\/\\\/andellac.com.mx\\\/blog\\\/wp-content\\\/uploads\\\/2024\\\/02\\\/IMG_1407-scaled.jpg\",\"contentUrl\":\"https:\\\/\\\/andellac.com.mx\\\/blog\\\/wp-content\\\/uploads\\\/2024\\\/02\\\/IMG_1407-scaled.jpg\",\"width\":2560,\"height\":1707},{\"@type\":\"BreadcrumbList\",\"@id\":\"https:\\\/\\\/andellac.com.mx\\\/blog\\\/primer-curso-de-alineacion-y-balanceo-basico-del-ano\\\/#breadcrumb\",\"itemListElement\":[{\"@type\":\"ListItem\",\"position\":1,\"name\":\"Inicio\",\"item\":\"https:\\\/\\\/andellac.com.mx\\\/blog\\\/\"},{\"@type\":\"ListItem\",\"position\":2,\"name\":\"Primer curso de alineaci\u00f3n y balanceo b\u00e1sico del a\u00f1o\"}]},{\"@type\":\"WebSite\",\"@id\":\"https:\\\/\\\/andellac.com.mx\\\/blog\\\/#website\",\"url\":\"https:\\\/\\\/andellac.com.mx\\\/blog\\\/\",\"name\":\"\",\"description\":\"Encuentra las noticias del Gremio Llantero, del Sector Automotriz y contenido para hacer crecer tu negocio..\",\"potentialAction\":[{\"@type\":\"SearchAction\",\"target\":{\"@type\":\"EntryPoint\",\"urlTemplate\":\"https:\\\/\\\/andellac.com.mx\\\/blog\\\/?s={search_term_string}\"},\"query-input\":{\"@type\":\"PropertyValueSpecification\",\"valueRequired\":true,\"valueName\":\"search_term_string\"}}],\"inLanguage\":\"es\"},{\"@type\":\"Person\",\"@id\":\"https:\\\/\\\/andellac.com.mx\\\/blog\\\/#\\\/schema\\\/person\\\/a7df3ae636a0904bf928b51245241b0a\",\"name\":\"ANDELLAC\",\"image\":{\"@type\":\"ImageObject\",\"inLanguage\":\"es\",\"@id\":\"https:\\\/\\\/secure.gravatar.com\\\/avatar\\\/7fbf781ead2fd971563a7be3251e9385215a56dd2eb57ad1a786ccb27379657f?s=96&d=mm&r=g\",\"url\":\"https:\\\/\\\/secure.gravatar.com\\\/avatar\\\/7fbf781ead2fd971563a7be3251e9385215a56dd2eb57ad1a786ccb27379657f?s=96&d=mm&r=g\",\"contentUrl\":\"https:\\\/\\\/secure.gravatar.com\\\/avatar\\\/7fbf781ead2fd971563a7be3251e9385215a56dd2eb57ad1a786ccb27379657f?s=96&d=mm&r=g\",\"caption\":\"ANDELLAC\"},\"url\":\"https:\\\/\\\/andellac.com.mx\\\/blog\\\/author\\\/ileana\\\/\"}]}<\/script>\n<!-- \/ Yoast SEO plugin. -->","yoast_head_json":{"title":"Primer curso de alineaci\u00f3n y balanceo b\u00e1sico del a\u00f1o -","robots":{"index":"index","follow":"follow","max-snippet":"max-snippet:-1","max-image-preview":"max-image-preview:large","max-video-preview":"max-video-preview:-1"},"canonical":"https:\/\/andellac.com.mx\/blog\/primer-curso-de-alineacion-y-balanceo-basico-del-ano\/","og_locale":"es_MX","og_type":"article","og_title":"Primer curso de alineaci\u00f3n y balanceo b\u00e1sico del a\u00f1o -","og_description":"La Asociaci\u00f3n Nacional de Distribuidores de Llantas y Plantas Renovadoras se complace en anunciar el exitoso desarrollo y conclusi\u00f3n del curso especializado en alineaci\u00f3n y balanceo b\u00e1sico, el primer curso del a\u00f1o; llevado a cabo los d\u00edas 6 y 7 de febrero en la Ciudad de M\u00e9xico. El evento, dise\u00f1ado para brindar a los participantes [&hellip;]","og_url":"https:\/\/andellac.com.mx\/blog\/primer-curso-de-alineacion-y-balanceo-basico-del-ano\/","article_published_time":"2024-02-12T19:26:16+00:00","article_modified_time":"2026-04-08T23:27:44+00:00","og_image":[{"url":"https:\/\/andellac.com.mx\/blog\/wp-content\/uploads\/2024\/02\/IMG_1407-1024x683.jpg","type":"","width":"","height":""}],"author":"ANDELLAC","twitter_card":"summary_large_image","twitter_misc":{"Escrito por":"ANDELLAC","Tiempo de lectura":"3 minutos"},"schema":{"@context":"https:\/\/schema.org","@graph":[{"@type":"Article","@id":"https:\/\/andellac.com.mx\/blog\/primer-curso-de-alineacion-y-balanceo-basico-del-ano\/#article","isPartOf":{"@id":"https:\/\/andellac.com.mx\/blog\/primer-curso-de-alineacion-y-balanceo-basico-del-ano\/"},"author":{"name":"ANDELLAC","@id":"https:\/\/andellac.com.mx\/blog\/#\/schema\/person\/a7df3ae636a0904bf928b51245241b0a"},"headline":"Primer curso de alineaci\u00f3n y balanceo b\u00e1sico del a\u00f1o","datePublished":"2024-02-12T19:26:16+00:00","dateModified":"2026-04-08T23:27:44+00:00","mainEntityOfPage":{"@id":"https:\/\/andellac.com.mx\/blog\/primer-curso-de-alineacion-y-balanceo-basico-del-ano\/"},"wordCount":309,"image":{"@id":"https:\/\/andellac.com.mx\/blog\/primer-curso-de-alineacion-y-balanceo-basico-del-ano\/#primaryimage"},"thumbnailUrl":"https:\/\/andellac.com.mx\/blog\/wp-content\/uploads\/2024\/02\/IMG_1407-1024x683.jpg","articleSection":["ANDELLAC en Acci\u00f3n","Capacitaci\u00f3n"],"inLanguage":"es"},{"@type":"WebPage","@id":"https:\/\/andellac.com.mx\/blog\/primer-curso-de-alineacion-y-balanceo-basico-del-ano\/","url":"https:\/\/andellac.com.mx\/blog\/primer-curso-de-alineacion-y-balanceo-basico-del-ano\/","name":"Primer curso de alineaci\u00f3n y balanceo b\u00e1sico del a\u00f1o -","isPartOf":{"@id":"https:\/\/andellac.com.mx\/blog\/#website"},"primaryImageOfPage":{"@id":"https:\/\/andellac.com.mx\/blog\/primer-curso-de-alineacion-y-balanceo-basico-del-ano\/#primaryimage"},"image":{"@id":"https:\/\/andellac.com.mx\/blog\/primer-curso-de-alineacion-y-balanceo-basico-del-ano\/#primaryimage"},"thumbnailUrl":"https:\/\/andellac.com.mx\/blog\/wp-content\/uploads\/2024\/02\/IMG_1407-1024x683.jpg","datePublished":"2024-02-12T19:26:16+00:00","dateModified":"2026-04-08T23:27:44+00:00","author":{"@id":"https:\/\/andellac.com.mx\/blog\/#\/schema\/person\/a7df3ae636a0904bf928b51245241b0a"},"breadcrumb":{"@id":"https:\/\/andellac.com.mx\/blog\/primer-curso-de-alineacion-y-balanceo-basico-del-ano\/#breadcrumb"},"inLanguage":"es","potentialAction":[{"@type":"ReadAction","target":["https:\/\/andellac.com.mx\/blog\/primer-curso-de-alineacion-y-balanceo-basico-del-ano\/"]}]},{"@type":"ImageObject","inLanguage":"es","@id":"https:\/\/andellac.com.mx\/blog\/primer-curso-de-alineacion-y-balanceo-basico-del-ano\/#primaryimage","url":"https:\/\/andellac.com.mx\/blog\/wp-content\/uploads\/2024\/02\/IMG_1407-scaled.jpg","contentUrl":"https:\/\/andellac.com.mx\/blog\/wp-content\/uploads\/2024\/02\/IMG_1407-scaled.jpg","width":2560,"height":1707},{"@type":"BreadcrumbList","@id":"https:\/\/andellac.com.mx\/blog\/primer-curso-de-alineacion-y-balanceo-basico-del-ano\/#breadcrumb","itemListElement":[{"@type":"ListItem","position":1,"name":"Inicio","item":"https:\/\/andellac.com.mx\/blog\/"},{"@type":"ListItem","position":2,"name":"Primer curso de alineaci\u00f3n y balanceo b\u00e1sico del a\u00f1o"}]},{"@type":"WebSite","@id":"https:\/\/andellac.com.mx\/blog\/#website","url":"https:\/\/andellac.com.mx\/blog\/","name":"","description":"Encuentra las noticias del Gremio Llantero, del Sector Automotriz y contenido para hacer crecer tu negocio..","potentialAction":[{"@type":"SearchAction","target":{"@type":"EntryPoint","urlTemplate":"https:\/\/andellac.com.mx\/blog\/?s={search_term_string}"},"query-input":{"@type":"PropertyValueSpecification","valueRequired":true,"valueName":"search_term_string"}}],"inLanguage":"es"},{"@type":"Person","@id":"https:\/\/andellac.com.mx\/blog\/#\/schema\/person\/a7df3ae636a0904bf928b51245241b0a","name":"ANDELLAC","image":{"@type":"ImageObject","inLanguage":"es","@id":"https:\/\/secure.gravatar.com\/avatar\/7fbf781ead2fd971563a7be3251e9385215a56dd2eb57ad1a786ccb27379657f?s=96&d=mm&r=g","url":"https:\/\/secure.gravatar.com\/avatar\/7fbf781ead2fd971563a7be3251e9385215a56dd2eb57ad1a786ccb27379657f?s=96&d=mm&r=g","contentUrl":"https:\/\/secure.gravatar.com\/avatar\/7fbf781ead2fd971563a7be3251e9385215a56dd2eb57ad1a786ccb27379657f?s=96&d=mm&r=g","caption":"ANDELLAC"},"url":"https:\/\/andellac.com.mx\/blog\/author\/ileana\/"}]}},"jetpack_featured_media_url":"","uagb_featured_image_src":{"full":false,"thumbnail":false,"medium":false,"medium_large":false,"large":false,"1536x1536":false,"2048x2048":false},"uagb_author_info":{"display_name":"ANDELLAC","author_link":"https:\/\/andellac.com.mx\/blog\/author\/ileana\/"},"uagb_comment_info":0,"uagb_excerpt":"La Asociaci\u00f3n Nacional de Distribuidores de Llantas y Plantas Renovadoras se complace en anunciar el exitoso desarrollo y conclusi\u00f3n del curso especializado en alineaci\u00f3n y balanceo b\u00e1sico, el primer curso del a\u00f1o; llevado a cabo los d\u00edas 6 y 7 de febrero en la Ciudad de M\u00e9xico. El evento, dise\u00f1ado para brindar a los participantes&hellip;","jetpack_sharing_enabled":true,"rttpg_featured_image_url":null,"rttpg_author":{"display_name":"ANDELLAC","author_link":"https:\/\/andellac.com.mx\/blog\/author\/ileana\/"},"rttpg_comment":0,"rttpg_category":"<a href=\"https:\/\/andellac.com.mx\/blog\/category\/andellac-en-accion\/\" rel=\"category tag\">ANDELLAC en Acci\u00f3n<\/a> <a href=\"https:\/\/andellac.com.mx\/blog\/category\/andellac-en-accion\/capacitacion\/\" rel=\"category tag\">Capacitaci\u00f3n<\/a>","rttpg_excerpt":"La Asociaci\u00f3n Nacional de Distribuidores de Llantas y Plantas Renovadoras se complace en anunciar el exitoso desarrollo y conclusi\u00f3n del curso especializado en alineaci\u00f3n y balanceo b\u00e1sico, el primer curso del a\u00f1o; llevado a cabo los d\u00edas 6 y 7 de febrero en la Ciudad de M\u00e9xico. El evento, dise\u00f1ado para brindar a los participantes&hellip;","_links":{"self":[{"href":"https:\/\/andellac.com.mx\/blog\/wp-json\/wp\/v2\/posts\/706","targetHints":{"allow":["GET"]}}],"collection":[{"href":"https:\/\/andellac.com.mx\/blog\/wp-json\/wp\/v2\/posts"}],"about":[{"href":"https:\/\/andellac.com.mx\/blog\/wp-json\/wp\/v2\/types\/post"}],"author":[{"embeddable":true,"href":"https:\/\/andellac.com.mx\/blog\/wp-json\/wp\/v2\/users\/2"}],"replies":[{"embeddable":true,"href":"https:\/\/andellac.com.mx\/blog\/wp-json\/wp\/v2\/comments?post=706"}],"version-history":[{"count":3,"href":"https:\/\/andellac.com.mx\/blog\/wp-json\/wp\/v2\/posts\/706\/revisions"}],"predecessor-version":[{"id":726,"href":"https:\/\/andellac.com.mx\/blog\/wp-json\/wp\/v2\/posts\/706\/revisions\/726"}],"wp:attachment":[{"href":"https:\/\/andellac.com.mx\/blog\/wp-json\/wp\/v2\/media?parent=706"}],"wp:term":[{"taxonomy":"category","embeddable":true,"href":"https:\/\/andellac.com.mx\/blog\/wp-json\/wp\/v2\/categories?post=706"},{"taxonomy":"post_tag","embeddable":true,"href":"https:\/\/andellac.com.mx\/blog\/wp-json\/wp\/v2\/tags?post=706"}],"curies":[{"name":"wp","href":"https:\/\/api.w.org\/{rel}","templated":true}]}}