{"id":578,"date":"2024-01-16T10:48:06","date_gmt":"2024-01-16T16:48:06","guid":{"rendered":"https:\/\/andellac.com.mx\/blog\/?p=578"},"modified":"2024-03-27T16:34:31","modified_gmt":"2024-03-27T22:34:31","slug":"pirelli-desarrolla-neumaticos-a-medida-para-la-porsche-cayenne-facelift-en-todas-las-medidas-para-todo-clima","status":"publish","type":"post","link":"https:\/\/andellac.com.mx\/blog\/pirelli-desarrolla-neumaticos-a-medida-para-la-porsche-cayenne-facelift-en-todas-las-medidas-para-todo-clima\/","title":{"rendered":"Pirelli desarrolla neum\u00e1ticos a medida para la Porsche Cayenne Facelift: en todas las medidas para todo clima"},"content":{"rendered":"\n<p><strong>P ZERO PARA LA CONDUCCI\u00d3N DIARIA, P ZERO CORSA PARA EL M\u00c1XIMO RENDIMIENTO Y SCORPION WINTER 2 PARA LA SEGURIDAD INVERNAL.<\/strong><\/p>\n\n\n\n<figure class=\"wp-block-image size-large\"><img fetchpriority=\"high\" decoding=\"async\" width=\"1024\" height=\"683\" src=\"https:\/\/andellac.com.mx\/blog\/wp-content\/uploads\/2024\/01\/Pirelli-P-Zero_Porsche-Cayenne-2023-1024x683.jpg\" alt=\"\" class=\"wp-image-579\" srcset=\"https:\/\/andellac.com.mx\/blog\/wp-content\/uploads\/2024\/01\/Pirelli-P-Zero_Porsche-Cayenne-2023-1024x683.jpg 1024w, https:\/\/andellac.com.mx\/blog\/wp-content\/uploads\/2024\/01\/Pirelli-P-Zero_Porsche-Cayenne-2023-300x200.jpg 300w, https:\/\/andellac.com.mx\/blog\/wp-content\/uploads\/2024\/01\/Pirelli-P-Zero_Porsche-Cayenne-2023-768x512.jpg 768w, https:\/\/andellac.com.mx\/blog\/wp-content\/uploads\/2024\/01\/Pirelli-P-Zero_Porsche-Cayenne-2023-1536x1025.jpg 1536w, https:\/\/andellac.com.mx\/blog\/wp-content\/uploads\/2024\/01\/Pirelli-P-Zero_Porsche-Cayenne-2023-2048x1366.jpg 2048w\" sizes=\"(max-width: 1024px) 100vw, 1024px\" \/><\/figure>\n\n\n\n<p><strong><br><\/strong><em>Mil\u00e1n, 8 de enero de 2024<\/em>. <strong>Pirelli <\/strong>ha sido confirmado como equipo original para el nuevo <strong>Porsche Cayenne<\/strong>. El \u00faltimo facelift de este ic\u00f3nico SUV deportivo ampl\u00eda la colaboraci\u00f3n entre Pirelli y Porsche, con productos de la gama P Zero disponibles para todas las medidas de rines del Cayenne. Este es el paso m\u00e1s reciente en el trabajo de desarrollo conjunto con Porsche Cayenne, un modelo que Pirelli ha equipado en todas las generaciones: desde el original de 2002 hasta el presente. Los neum\u00e1ticos espec\u00edficos <strong>P Zero<\/strong>, <strong>P Zero Corsa <\/strong>y <strong>Scorpion Winter 2<\/strong> homologados por Porsche para el manejo a baja temperatura se han desarrollado para el \u00faltimo facelift del Cayenne. Estas opciones cubren toda la gama de tama\u00f1os de neum\u00e1ticos de 20 a 22 pulgadas. Los neum\u00e1ticos <strong>Scorpion Zero All Season<\/strong> tambi\u00e9n est\u00e1n disponibles para algunos mercados, en todos los tama\u00f1os.<\/p>\n\n\n\n<p>El <strong>Pirelli P Zero<\/strong> desarrollado para el nuevo facelift cumple con las demandas de facilidad de manejo, precisi\u00f3n de direcci\u00f3n, estabilidad y seguridad incluso durante las maniobras de emergencia. En particular, todas las medidas han logrado la calificaci\u00f3n m\u00e1s alta en la etiqueta europea en lo que respecta al frenado en mojado. Especialmente a altas velocidades, el neum\u00e1tico ha sido dise\u00f1ado para soportar el alto torque y las cargas generadas por el veh\u00edculo.<\/p>\n\n\n\n<figure class=\"wp-block-image size-large\"><img decoding=\"async\" width=\"1024\" height=\"683\" src=\"https:\/\/andellac.com.mx\/blog\/wp-content\/uploads\/2024\/01\/Pirelli-P-Zero_Porsche-Cayenne-2023_detail-1024x683.jpg\" alt=\"\" class=\"wp-image-580\" srcset=\"https:\/\/andellac.com.mx\/blog\/wp-content\/uploads\/2024\/01\/Pirelli-P-Zero_Porsche-Cayenne-2023_detail-1024x683.jpg 1024w, https:\/\/andellac.com.mx\/blog\/wp-content\/uploads\/2024\/01\/Pirelli-P-Zero_Porsche-Cayenne-2023_detail-300x200.jpg 300w, https:\/\/andellac.com.mx\/blog\/wp-content\/uploads\/2024\/01\/Pirelli-P-Zero_Porsche-Cayenne-2023_detail-768x512.jpg 768w, https:\/\/andellac.com.mx\/blog\/wp-content\/uploads\/2024\/01\/Pirelli-P-Zero_Porsche-Cayenne-2023_detail-1536x1025.jpg 1536w, https:\/\/andellac.com.mx\/blog\/wp-content\/uploads\/2024\/01\/Pirelli-P-Zero_Porsche-Cayenne-2023_detail-2048x1367.jpg 2048w\" sizes=\"(max-width: 1024px) 100vw, 1024px\" \/><\/figure>\n\n\n\n<p>El Pirelli <strong>P Zero Corsa<\/strong> ha sido elegido para manejo deportivo y en circuito. Este producto se deriva del P Zero Corsa que ayud\u00f3 al Porsche Cayenne GT a establecer un r\u00e9cord en N\u00fcrburgring, Nordschleife en 2021. El &nbsp;&nbsp;&nbsp;&nbsp;&nbsp;&nbsp;P Zero Corsa para el nuevo Cayenne, as\u00ed como la versi\u00f3n anterior que contribuy\u00f3 al r\u00e9cord, est\u00e1 fabricado con compuestos de la banda de rodamiento derivados del automovilismo, desarrollados por Pirelli para equipar los autos m\u00e1s r\u00e1pidos del mundo.<\/p>\n\n\n\n<p>La \u00faltima versi\u00f3n del Porsche Cayenne es uno de los primeros veh\u00edculos en recibir un neum\u00e1tico espec\u00edfico Pirelli <strong>Scorpion Winter 2<\/strong> homologado para la temporada de invierno, que cubre toda la gama de tama\u00f1os de rines. El reto al que se enfrentaron los ingenieros de Pirelli a lo largo del desarrollo de los neum\u00e1ticos de invierno fue exigente: garantizar la seguridad a bajas temperaturas y en la nieve, manteniendo al mismo tiempo un rendimiento muy alto en superficies secas y mojadas. Todo ello con el mismo ADN deportivo que Porsche espera de un neum\u00e1tico de verano. Para lograr este resultado, el departamento de Investigaci\u00f3n y Desarrollo de Pirelli cre\u00f3 un compuesto de invierno espec\u00edfico, capaz de proporcionar comodidad de manejo, as\u00ed como un agarre tangible en condiciones extremas.<\/p>\n\n\n\n<p><strong>PIRELLI: EQUIPANDO EL CAYENNE DESDE LA PRIMERA GENERACI\u00d3N<\/strong><\/p>\n\n\n\n<p>Pirelli ha sido una caracter\u00edstica del Cayenne desde que se lanz\u00f3 la primera generaci\u00f3n en 2002, siendo pionera en el segmento de los SUV deportivos. Desde el primer modelo hasta la actualidad, Pirelli siempre ha trabajado junto al fabricante con sede en Stuttgart para desarrollar neum\u00e1ticos que sigan la evoluci\u00f3n de sus modelos, como el Cayenne S Hybrid, el primer h\u00edbrido de la gama Porsche, luego el Porsche Cayenne &nbsp;&nbsp;&nbsp;&nbsp;&nbsp;&nbsp;&nbsp;&nbsp;&nbsp;&nbsp;&nbsp;&nbsp;&nbsp;&nbsp;&nbsp;&nbsp;S E-Hybrid (una versi\u00f3n h\u00edbrida enchufable), hasta el actual Cayenne Turbo E-Hybrid: el Cayenne m\u00e1s potente jam\u00e1s presentado junto con el tradicional facelift del tren motriz.<\/p>\n","protected":false},"excerpt":{"rendered":"<p>P ZERO PARA LA CONDUCCI\u00d3N DIARIA, P ZERO CORSA PARA EL M\u00c1XIMO RENDIMIENTO Y SCORPION WINTER 2 PARA LA SEGURIDAD INVERNAL. Mil\u00e1n, 8 de enero de 2024. Pirelli ha sido confirmado como equipo original para el nuevo Porsche Cayenne. El \u00faltimo facelift de este ic\u00f3nico SUV deportivo ampl\u00eda la colaboraci\u00f3n entre Pirelli y Porsche, con [&hellip;]<\/p>\n","protected":false},"author":2,"featured_media":0,"comment_status":"closed","ping_status":"closed","sticky":false,"template":"","format":"standard","meta":{"_uag_custom_page_level_css":"","site-sidebar-layout":"default","site-content-layout":"","ast-site-content-layout":"default","site-content-style":"default","site-sidebar-style":"default","ast-global-header-display":"","ast-banner-title-visibility":"","ast-main-header-display":"","ast-hfb-above-header-display":"","ast-hfb-below-header-display":"","ast-hfb-mobile-header-display":"","site-post-title":"","ast-breadcrumbs-content":"","ast-featured-img":"","footer-sml-layout":"","ast-disable-related-posts":"","theme-transparent-header-meta":"","adv-header-id-meta":"","stick-header-meta":"","header-above-stick-meta":"","header-main-stick-meta":"","header-below-stick-meta":"","astra-migrate-meta-layouts":"default","ast-page-background-enabled":"default","ast-page-background-meta":{"desktop":{"background-color":"var(--ast-global-color-4)","background-image":"","background-repeat":"repeat","background-position":"center center","background-size":"auto","background-attachment":"scroll","background-type":"","background-media":"","overlay-type":"","overlay-color":"","overlay-opacity":"","overlay-gradient":""},"tablet":{"background-color":"","background-image":"","background-repeat":"repeat","background-position":"center center","background-size":"auto","background-attachment":"scroll","background-type":"","background-media":"","overlay-type":"","overlay-color":"","overlay-opacity":"","overlay-gradient":""},"mobile":{"background-color":"","background-image":"","background-repeat":"repeat","background-position":"center center","background-size":"auto","background-attachment":"scroll","background-type":"","background-media":"","overlay-type":"","overlay-color":"","overlay-opacity":"","overlay-gradient":""}},"ast-content-background-meta":{"desktop":{"background-color":"var(--ast-global-color-5)","background-image":"","background-repeat":"repeat","background-position":"center center","background-size":"auto","background-attachment":"scroll","background-type":"","background-media":"","overlay-type":"","overlay-color":"","overlay-opacity":"","overlay-gradient":""},"tablet":{"background-color":"var(--ast-global-color-5)","background-image":"","background-repeat":"repeat","background-position":"center center","background-size":"auto","background-attachment":"scroll","background-type":"","background-media":"","overlay-type":"","overlay-color":"","overlay-opacity":"","overlay-gradient":""},"mobile":{"background-color":"var(--ast-global-color-5)","background-image":"","background-repeat":"repeat","background-position":"center center","background-size":"auto","background-attachment":"scroll","background-type":"","background-media":"","overlay-type":"","overlay-color":"","overlay-opacity":"","overlay-gradient":""}},"_jetpack_memberships_contains_paid_content":false,"footnotes":""},"categories":[10],"tags":[11,23],"class_list":["post-578","post","type-post","status-publish","format-standard","hentry","category-noticias-del-gremio-llantero","tag-fabricas-de-llantas","tag-pirelli"],"yoast_head":"<!-- This site is optimized with the Yoast SEO plugin v27.5 - https:\/\/yoast.com\/product\/yoast-seo-wordpress\/ -->\n<title>Pirelli desarrolla neum\u00e1ticos a medida para la Porsche Cayenne Facelift: en todas las medidas para todo clima -<\/title>\n<meta name=\"robots\" content=\"index, follow, max-snippet:-1, max-image-preview:large, max-video-preview:-1\" \/>\n<link rel=\"canonical\" href=\"https:\/\/andellac.com.mx\/blog\/pirelli-desarrolla-neumaticos-a-medida-para-la-porsche-cayenne-facelift-en-todas-las-medidas-para-todo-clima\/\" \/>\n<meta property=\"og:locale\" content=\"es_MX\" \/>\n<meta property=\"og:type\" content=\"article\" \/>\n<meta property=\"og:title\" content=\"Pirelli desarrolla neum\u00e1ticos a medida para la Porsche Cayenne Facelift: en todas las medidas para todo clima -\" \/>\n<meta property=\"og:description\" content=\"P ZERO PARA LA CONDUCCI\u00d3N DIARIA, P ZERO CORSA PARA EL M\u00c1XIMO RENDIMIENTO Y SCORPION WINTER 2 PARA LA SEGURIDAD INVERNAL. Mil\u00e1n, 8 de enero de 2024. Pirelli ha sido confirmado como equipo original para el nuevo Porsche Cayenne. El \u00faltimo facelift de este ic\u00f3nico SUV deportivo ampl\u00eda la colaboraci\u00f3n entre Pirelli y Porsche, con [&hellip;]\" \/>\n<meta property=\"og:url\" content=\"https:\/\/andellac.com.mx\/blog\/pirelli-desarrolla-neumaticos-a-medida-para-la-porsche-cayenne-facelift-en-todas-las-medidas-para-todo-clima\/\" \/>\n<meta property=\"article:published_time\" content=\"2024-01-16T16:48:06+00:00\" \/>\n<meta property=\"article:modified_time\" content=\"2024-03-27T22:34:31+00:00\" \/>\n<meta property=\"og:image\" content=\"https:\/\/andellac.com.mx\/blog\/wp-content\/uploads\/2024\/01\/Pirelli-P-Zero_Porsche-Cayenne-2023-1024x683.jpg\" \/>\n<meta name=\"author\" content=\"ANDELLAC\" \/>\n<meta name=\"twitter:card\" content=\"summary_large_image\" \/>\n<meta name=\"twitter:label1\" content=\"Escrito por\" \/>\n\t<meta name=\"twitter:data1\" content=\"ANDELLAC\" \/>\n\t<meta name=\"twitter:label2\" content=\"Tiempo de lectura\" \/>\n\t<meta name=\"twitter:data2\" content=\"3 minutos\" \/>\n<script type=\"application\/ld+json\" class=\"yoast-schema-graph\">{\"@context\":\"https:\\\/\\\/schema.org\",\"@graph\":[{\"@type\":\"Article\",\"@id\":\"https:\\\/\\\/andellac.com.mx\\\/blog\\\/pirelli-desarrolla-neumaticos-a-medida-para-la-porsche-cayenne-facelift-en-todas-las-medidas-para-todo-clima\\\/#article\",\"isPartOf\":{\"@id\":\"https:\\\/\\\/andellac.com.mx\\\/blog\\\/pirelli-desarrolla-neumaticos-a-medida-para-la-porsche-cayenne-facelift-en-todas-las-medidas-para-todo-clima\\\/\"},\"author\":{\"name\":\"ANDELLAC\",\"@id\":\"https:\\\/\\\/andellac.com.mx\\\/blog\\\/#\\\/schema\\\/person\\\/a7df3ae636a0904bf928b51245241b0a\"},\"headline\":\"Pirelli desarrolla neum\u00e1ticos a medida para la Porsche Cayenne Facelift: en todas las medidas para todo clima\",\"datePublished\":\"2024-01-16T16:48:06+00:00\",\"dateModified\":\"2024-03-27T22:34:31+00:00\",\"mainEntityOfPage\":{\"@id\":\"https:\\\/\\\/andellac.com.mx\\\/blog\\\/pirelli-desarrolla-neumaticos-a-medida-para-la-porsche-cayenne-facelift-en-todas-las-medidas-para-todo-clima\\\/\"},\"wordCount\":622,\"image\":{\"@id\":\"https:\\\/\\\/andellac.com.mx\\\/blog\\\/pirelli-desarrolla-neumaticos-a-medida-para-la-porsche-cayenne-facelift-en-todas-las-medidas-para-todo-clima\\\/#primaryimage\"},\"thumbnailUrl\":\"https:\\\/\\\/andellac.com.mx\\\/blog\\\/wp-content\\\/uploads\\\/2024\\\/01\\\/Pirelli-P-Zero_Porsche-Cayenne-2023-1024x683.jpg\",\"keywords\":[\"F\u00e1bricas de Llantas\",\"Pirelli\"],\"articleSection\":[\"Noticias del Gremio Llantero\"],\"inLanguage\":\"es\"},{\"@type\":\"WebPage\",\"@id\":\"https:\\\/\\\/andellac.com.mx\\\/blog\\\/pirelli-desarrolla-neumaticos-a-medida-para-la-porsche-cayenne-facelift-en-todas-las-medidas-para-todo-clima\\\/\",\"url\":\"https:\\\/\\\/andellac.com.mx\\\/blog\\\/pirelli-desarrolla-neumaticos-a-medida-para-la-porsche-cayenne-facelift-en-todas-las-medidas-para-todo-clima\\\/\",\"name\":\"Pirelli desarrolla neum\u00e1ticos a medida para la Porsche Cayenne Facelift: en todas las medidas para todo clima -\",\"isPartOf\":{\"@id\":\"https:\\\/\\\/andellac.com.mx\\\/blog\\\/#website\"},\"primaryImageOfPage\":{\"@id\":\"https:\\\/\\\/andellac.com.mx\\\/blog\\\/pirelli-desarrolla-neumaticos-a-medida-para-la-porsche-cayenne-facelift-en-todas-las-medidas-para-todo-clima\\\/#primaryimage\"},\"image\":{\"@id\":\"https:\\\/\\\/andellac.com.mx\\\/blog\\\/pirelli-desarrolla-neumaticos-a-medida-para-la-porsche-cayenne-facelift-en-todas-las-medidas-para-todo-clima\\\/#primaryimage\"},\"thumbnailUrl\":\"https:\\\/\\\/andellac.com.mx\\\/blog\\\/wp-content\\\/uploads\\\/2024\\\/01\\\/Pirelli-P-Zero_Porsche-Cayenne-2023-1024x683.jpg\",\"datePublished\":\"2024-01-16T16:48:06+00:00\",\"dateModified\":\"2024-03-27T22:34:31+00:00\",\"author\":{\"@id\":\"https:\\\/\\\/andellac.com.mx\\\/blog\\\/#\\\/schema\\\/person\\\/a7df3ae636a0904bf928b51245241b0a\"},\"breadcrumb\":{\"@id\":\"https:\\\/\\\/andellac.com.mx\\\/blog\\\/pirelli-desarrolla-neumaticos-a-medida-para-la-porsche-cayenne-facelift-en-todas-las-medidas-para-todo-clima\\\/#breadcrumb\"},\"inLanguage\":\"es\",\"potentialAction\":[{\"@type\":\"ReadAction\",\"target\":[\"https:\\\/\\\/andellac.com.mx\\\/blog\\\/pirelli-desarrolla-neumaticos-a-medida-para-la-porsche-cayenne-facelift-en-todas-las-medidas-para-todo-clima\\\/\"]}]},{\"@type\":\"ImageObject\",\"inLanguage\":\"es\",\"@id\":\"https:\\\/\\\/andellac.com.mx\\\/blog\\\/pirelli-desarrolla-neumaticos-a-medida-para-la-porsche-cayenne-facelift-en-todas-las-medidas-para-todo-clima\\\/#primaryimage\",\"url\":\"https:\\\/\\\/andellac.com.mx\\\/blog\\\/wp-content\\\/uploads\\\/2024\\\/01\\\/Pirelli-P-Zero_Porsche-Cayenne-2023-scaled.jpg\",\"contentUrl\":\"https:\\\/\\\/andellac.com.mx\\\/blog\\\/wp-content\\\/uploads\\\/2024\\\/01\\\/Pirelli-P-Zero_Porsche-Cayenne-2023-scaled.jpg\",\"width\":2560,\"height\":1708},{\"@type\":\"BreadcrumbList\",\"@id\":\"https:\\\/\\\/andellac.com.mx\\\/blog\\\/pirelli-desarrolla-neumaticos-a-medida-para-la-porsche-cayenne-facelift-en-todas-las-medidas-para-todo-clima\\\/#breadcrumb\",\"itemListElement\":[{\"@type\":\"ListItem\",\"position\":1,\"name\":\"Inicio\",\"item\":\"https:\\\/\\\/andellac.com.mx\\\/blog\\\/\"},{\"@type\":\"ListItem\",\"position\":2,\"name\":\"Pirelli desarrolla neum\u00e1ticos a medida para la Porsche Cayenne Facelift: en todas las medidas para todo clima\"}]},{\"@type\":\"WebSite\",\"@id\":\"https:\\\/\\\/andellac.com.mx\\\/blog\\\/#website\",\"url\":\"https:\\\/\\\/andellac.com.mx\\\/blog\\\/\",\"name\":\"\",\"description\":\"Encuentra las noticias del Gremio Llantero, del Sector Automotriz y contenido para hacer crecer tu negocio..\",\"potentialAction\":[{\"@type\":\"SearchAction\",\"target\":{\"@type\":\"EntryPoint\",\"urlTemplate\":\"https:\\\/\\\/andellac.com.mx\\\/blog\\\/?s={search_term_string}\"},\"query-input\":{\"@type\":\"PropertyValueSpecification\",\"valueRequired\":true,\"valueName\":\"search_term_string\"}}],\"inLanguage\":\"es\"},{\"@type\":\"Person\",\"@id\":\"https:\\\/\\\/andellac.com.mx\\\/blog\\\/#\\\/schema\\\/person\\\/a7df3ae636a0904bf928b51245241b0a\",\"name\":\"ANDELLAC\",\"image\":{\"@type\":\"ImageObject\",\"inLanguage\":\"es\",\"@id\":\"https:\\\/\\\/secure.gravatar.com\\\/avatar\\\/7fbf781ead2fd971563a7be3251e9385215a56dd2eb57ad1a786ccb27379657f?s=96&d=mm&r=g\",\"url\":\"https:\\\/\\\/secure.gravatar.com\\\/avatar\\\/7fbf781ead2fd971563a7be3251e9385215a56dd2eb57ad1a786ccb27379657f?s=96&d=mm&r=g\",\"contentUrl\":\"https:\\\/\\\/secure.gravatar.com\\\/avatar\\\/7fbf781ead2fd971563a7be3251e9385215a56dd2eb57ad1a786ccb27379657f?s=96&d=mm&r=g\",\"caption\":\"ANDELLAC\"},\"url\":\"https:\\\/\\\/andellac.com.mx\\\/blog\\\/author\\\/ileana\\\/\"}]}<\/script>\n<!-- \/ Yoast SEO plugin. -->","yoast_head_json":{"title":"Pirelli desarrolla neum\u00e1ticos a medida para la Porsche Cayenne Facelift: en todas las medidas para todo clima -","robots":{"index":"index","follow":"follow","max-snippet":"max-snippet:-1","max-image-preview":"max-image-preview:large","max-video-preview":"max-video-preview:-1"},"canonical":"https:\/\/andellac.com.mx\/blog\/pirelli-desarrolla-neumaticos-a-medida-para-la-porsche-cayenne-facelift-en-todas-las-medidas-para-todo-clima\/","og_locale":"es_MX","og_type":"article","og_title":"Pirelli desarrolla neum\u00e1ticos a medida para la Porsche Cayenne Facelift: en todas las medidas para todo clima -","og_description":"P ZERO PARA LA CONDUCCI\u00d3N DIARIA, P ZERO CORSA PARA EL M\u00c1XIMO RENDIMIENTO Y SCORPION WINTER 2 PARA LA SEGURIDAD INVERNAL. Mil\u00e1n, 8 de enero de 2024. Pirelli ha sido confirmado como equipo original para el nuevo Porsche Cayenne. El \u00faltimo facelift de este ic\u00f3nico SUV deportivo ampl\u00eda la colaboraci\u00f3n entre Pirelli y Porsche, con [&hellip;]","og_url":"https:\/\/andellac.com.mx\/blog\/pirelli-desarrolla-neumaticos-a-medida-para-la-porsche-cayenne-facelift-en-todas-las-medidas-para-todo-clima\/","article_published_time":"2024-01-16T16:48:06+00:00","article_modified_time":"2024-03-27T22:34:31+00:00","og_image":[{"url":"https:\/\/andellac.com.mx\/blog\/wp-content\/uploads\/2024\/01\/Pirelli-P-Zero_Porsche-Cayenne-2023-1024x683.jpg","type":"","width":"","height":""}],"author":"ANDELLAC","twitter_card":"summary_large_image","twitter_misc":{"Escrito por":"ANDELLAC","Tiempo de lectura":"3 minutos"},"schema":{"@context":"https:\/\/schema.org","@graph":[{"@type":"Article","@id":"https:\/\/andellac.com.mx\/blog\/pirelli-desarrolla-neumaticos-a-medida-para-la-porsche-cayenne-facelift-en-todas-las-medidas-para-todo-clima\/#article","isPartOf":{"@id":"https:\/\/andellac.com.mx\/blog\/pirelli-desarrolla-neumaticos-a-medida-para-la-porsche-cayenne-facelift-en-todas-las-medidas-para-todo-clima\/"},"author":{"name":"ANDELLAC","@id":"https:\/\/andellac.com.mx\/blog\/#\/schema\/person\/a7df3ae636a0904bf928b51245241b0a"},"headline":"Pirelli desarrolla neum\u00e1ticos a medida para la Porsche Cayenne Facelift: en todas las medidas para todo clima","datePublished":"2024-01-16T16:48:06+00:00","dateModified":"2024-03-27T22:34:31+00:00","mainEntityOfPage":{"@id":"https:\/\/andellac.com.mx\/blog\/pirelli-desarrolla-neumaticos-a-medida-para-la-porsche-cayenne-facelift-en-todas-las-medidas-para-todo-clima\/"},"wordCount":622,"image":{"@id":"https:\/\/andellac.com.mx\/blog\/pirelli-desarrolla-neumaticos-a-medida-para-la-porsche-cayenne-facelift-en-todas-las-medidas-para-todo-clima\/#primaryimage"},"thumbnailUrl":"https:\/\/andellac.com.mx\/blog\/wp-content\/uploads\/2024\/01\/Pirelli-P-Zero_Porsche-Cayenne-2023-1024x683.jpg","keywords":["F\u00e1bricas de Llantas","Pirelli"],"articleSection":["Noticias del Gremio Llantero"],"inLanguage":"es"},{"@type":"WebPage","@id":"https:\/\/andellac.com.mx\/blog\/pirelli-desarrolla-neumaticos-a-medida-para-la-porsche-cayenne-facelift-en-todas-las-medidas-para-todo-clima\/","url":"https:\/\/andellac.com.mx\/blog\/pirelli-desarrolla-neumaticos-a-medida-para-la-porsche-cayenne-facelift-en-todas-las-medidas-para-todo-clima\/","name":"Pirelli desarrolla neum\u00e1ticos a medida para la Porsche Cayenne Facelift: en todas las medidas para todo clima -","isPartOf":{"@id":"https:\/\/andellac.com.mx\/blog\/#website"},"primaryImageOfPage":{"@id":"https:\/\/andellac.com.mx\/blog\/pirelli-desarrolla-neumaticos-a-medida-para-la-porsche-cayenne-facelift-en-todas-las-medidas-para-todo-clima\/#primaryimage"},"image":{"@id":"https:\/\/andellac.com.mx\/blog\/pirelli-desarrolla-neumaticos-a-medida-para-la-porsche-cayenne-facelift-en-todas-las-medidas-para-todo-clima\/#primaryimage"},"thumbnailUrl":"https:\/\/andellac.com.mx\/blog\/wp-content\/uploads\/2024\/01\/Pirelli-P-Zero_Porsche-Cayenne-2023-1024x683.jpg","datePublished":"2024-01-16T16:48:06+00:00","dateModified":"2024-03-27T22:34:31+00:00","author":{"@id":"https:\/\/andellac.com.mx\/blog\/#\/schema\/person\/a7df3ae636a0904bf928b51245241b0a"},"breadcrumb":{"@id":"https:\/\/andellac.com.mx\/blog\/pirelli-desarrolla-neumaticos-a-medida-para-la-porsche-cayenne-facelift-en-todas-las-medidas-para-todo-clima\/#breadcrumb"},"inLanguage":"es","potentialAction":[{"@type":"ReadAction","target":["https:\/\/andellac.com.mx\/blog\/pirelli-desarrolla-neumaticos-a-medida-para-la-porsche-cayenne-facelift-en-todas-las-medidas-para-todo-clima\/"]}]},{"@type":"ImageObject","inLanguage":"es","@id":"https:\/\/andellac.com.mx\/blog\/pirelli-desarrolla-neumaticos-a-medida-para-la-porsche-cayenne-facelift-en-todas-las-medidas-para-todo-clima\/#primaryimage","url":"https:\/\/andellac.com.mx\/blog\/wp-content\/uploads\/2024\/01\/Pirelli-P-Zero_Porsche-Cayenne-2023-scaled.jpg","contentUrl":"https:\/\/andellac.com.mx\/blog\/wp-content\/uploads\/2024\/01\/Pirelli-P-Zero_Porsche-Cayenne-2023-scaled.jpg","width":2560,"height":1708},{"@type":"BreadcrumbList","@id":"https:\/\/andellac.com.mx\/blog\/pirelli-desarrolla-neumaticos-a-medida-para-la-porsche-cayenne-facelift-en-todas-las-medidas-para-todo-clima\/#breadcrumb","itemListElement":[{"@type":"ListItem","position":1,"name":"Inicio","item":"https:\/\/andellac.com.mx\/blog\/"},{"@type":"ListItem","position":2,"name":"Pirelli desarrolla neum\u00e1ticos a medida para la Porsche Cayenne Facelift: en todas las medidas para todo clima"}]},{"@type":"WebSite","@id":"https:\/\/andellac.com.mx\/blog\/#website","url":"https:\/\/andellac.com.mx\/blog\/","name":"","description":"Encuentra las noticias del Gremio Llantero, del Sector Automotriz y contenido para hacer crecer tu negocio..","potentialAction":[{"@type":"SearchAction","target":{"@type":"EntryPoint","urlTemplate":"https:\/\/andellac.com.mx\/blog\/?s={search_term_string}"},"query-input":{"@type":"PropertyValueSpecification","valueRequired":true,"valueName":"search_term_string"}}],"inLanguage":"es"},{"@type":"Person","@id":"https:\/\/andellac.com.mx\/blog\/#\/schema\/person\/a7df3ae636a0904bf928b51245241b0a","name":"ANDELLAC","image":{"@type":"ImageObject","inLanguage":"es","@id":"https:\/\/secure.gravatar.com\/avatar\/7fbf781ead2fd971563a7be3251e9385215a56dd2eb57ad1a786ccb27379657f?s=96&d=mm&r=g","url":"https:\/\/secure.gravatar.com\/avatar\/7fbf781ead2fd971563a7be3251e9385215a56dd2eb57ad1a786ccb27379657f?s=96&d=mm&r=g","contentUrl":"https:\/\/secure.gravatar.com\/avatar\/7fbf781ead2fd971563a7be3251e9385215a56dd2eb57ad1a786ccb27379657f?s=96&d=mm&r=g","caption":"ANDELLAC"},"url":"https:\/\/andellac.com.mx\/blog\/author\/ileana\/"}]}},"jetpack_featured_media_url":"","uagb_featured_image_src":{"full":false,"thumbnail":false,"medium":false,"medium_large":false,"large":false,"1536x1536":false,"2048x2048":false},"uagb_author_info":{"display_name":"ANDELLAC","author_link":"https:\/\/andellac.com.mx\/blog\/author\/ileana\/"},"uagb_comment_info":0,"uagb_excerpt":"P ZERO PARA LA CONDUCCI\u00d3N DIARIA, P ZERO CORSA PARA EL M\u00c1XIMO RENDIMIENTO Y SCORPION WINTER 2 PARA LA SEGURIDAD INVERNAL. Mil\u00e1n, 8 de enero de 2024. Pirelli ha sido confirmado como equipo original para el nuevo Porsche Cayenne. El \u00faltimo facelift de este ic\u00f3nico SUV deportivo ampl\u00eda la colaboraci\u00f3n entre Pirelli y Porsche, con&hellip;","jetpack_sharing_enabled":true,"rttpg_featured_image_url":null,"rttpg_author":{"display_name":"ANDELLAC","author_link":"https:\/\/andellac.com.mx\/blog\/author\/ileana\/"},"rttpg_comment":0,"rttpg_category":"<a href=\"https:\/\/andellac.com.mx\/blog\/category\/noticias-del-gremio-llantero\/\" rel=\"category tag\">Noticias del Gremio Llantero<\/a>","rttpg_excerpt":"P ZERO PARA LA CONDUCCI\u00d3N DIARIA, P ZERO CORSA PARA EL M\u00c1XIMO RENDIMIENTO Y SCORPION WINTER 2 PARA LA SEGURIDAD INVERNAL. Mil\u00e1n, 8 de enero de 2024. Pirelli ha sido confirmado como equipo original para el nuevo Porsche Cayenne. El \u00faltimo facelift de este ic\u00f3nico SUV deportivo ampl\u00eda la colaboraci\u00f3n entre Pirelli y Porsche, con&hellip;","_links":{"self":[{"href":"https:\/\/andellac.com.mx\/blog\/wp-json\/wp\/v2\/posts\/578","targetHints":{"allow":["GET"]}}],"collection":[{"href":"https:\/\/andellac.com.mx\/blog\/wp-json\/wp\/v2\/posts"}],"about":[{"href":"https:\/\/andellac.com.mx\/blog\/wp-json\/wp\/v2\/types\/post"}],"author":[{"embeddable":true,"href":"https:\/\/andellac.com.mx\/blog\/wp-json\/wp\/v2\/users\/2"}],"replies":[{"embeddable":true,"href":"https:\/\/andellac.com.mx\/blog\/wp-json\/wp\/v2\/comments?post=578"}],"version-history":[{"count":2,"href":"https:\/\/andellac.com.mx\/blog\/wp-json\/wp\/v2\/posts\/578\/revisions"}],"predecessor-version":[{"id":587,"href":"https:\/\/andellac.com.mx\/blog\/wp-json\/wp\/v2\/posts\/578\/revisions\/587"}],"wp:attachment":[{"href":"https:\/\/andellac.com.mx\/blog\/wp-json\/wp\/v2\/media?parent=578"}],"wp:term":[{"taxonomy":"category","embeddable":true,"href":"https:\/\/andellac.com.mx\/blog\/wp-json\/wp\/v2\/categories?post=578"},{"taxonomy":"post_tag","embeddable":true,"href":"https:\/\/andellac.com.mx\/blog\/wp-json\/wp\/v2\/tags?post=578"}],"curies":[{"name":"wp","href":"https:\/\/api.w.org\/{rel}","templated":true}]}}