{"id":261,"date":"2023-09-15T12:47:38","date_gmt":"2023-09-15T18:47:38","guid":{"rendered":"https:\/\/andellac.com.mx\/blog\/?p=261"},"modified":"2024-03-27T16:35:04","modified_gmt":"2024-03-27T22:35:04","slug":"continental-mexico-comprometida-con-su-personal-en-temas-de-no-discriminacion-e-igualdad-laboral","status":"publish","type":"post","link":"https:\/\/andellac.com.mx\/blog\/continental-mexico-comprometida-con-su-personal-en-temas-de-no-discriminacion-e-igualdad-laboral\/","title":{"rendered":"Continental M\u00e9xico comprometida con su personal en temas de NO Discriminaci\u00f3n e Igualdad Laboral"},"content":{"rendered":"\n<ul class=\"wp-block-list\">\n<li>El 95% de las 21 localidades en M\u00e9xico cuenta con la <strong>certificaci\u00f3n NMX-R-025-SCFI-2015 en Igualdad Laboral y No Discriminaci\u00f3n<\/strong><\/li>\n\n\n\n<li>Planta Tijera y Perif\u00e9rico obtienen el nivel de Oro en<strong> <\/strong>la Normativa<\/li>\n<\/ul>\n\n\n\n<figure class=\"wp-block-image size-large\"><img fetchpriority=\"high\" decoding=\"async\" width=\"1024\" height=\"725\" src=\"https:\/\/andellac.com.mx\/blog\/wp-content\/uploads\/2023\/09\/Conti01-1024x725.jpg\" alt=\"\" class=\"wp-image-262\" srcset=\"https:\/\/andellac.com.mx\/blog\/wp-content\/uploads\/2023\/09\/Conti01-1024x725.jpg 1024w, https:\/\/andellac.com.mx\/blog\/wp-content\/uploads\/2023\/09\/Conti01-300x212.jpg 300w, https:\/\/andellac.com.mx\/blog\/wp-content\/uploads\/2023\/09\/Conti01-768x544.jpg 768w, https:\/\/andellac.com.mx\/blog\/wp-content\/uploads\/2023\/09\/Conti01-1536x1088.jpg 1536w, https:\/\/andellac.com.mx\/blog\/wp-content\/uploads\/2023\/09\/Conti01-2048x1450.jpg 2048w\" sizes=\"(max-width: 1024px) 100vw, 1024px\" \/><\/figure>\n\n\n\n<p>Guadalajara, 14 de septiembre de 2023. La empresa de tecnolog\u00eda <strong>Continental<\/strong> est\u00e1 comprometida con su personal en toda forma posible, haciendo que se convierta en una de las mejores empleadoras del pa\u00eds, dando a sus empleados\/as una mejor calidad de entorno laboral sano y comprometido con la igualdad, para muestra es la manera es que actualmente <strong>Continental en M\u00e9xico<\/strong> cuenta ya con el 95% de localidades certificadas en la <strong>NOM NMX-R-025-SCFI<\/strong>.<\/p>\n\n\n\n<p><strong>Las Normas Oficiales Mexicanas (NOM)<\/strong> son regulaciones t\u00e9cnicas de observancia obligatoria expedidas por las dependencias competentes, que tienen como finalidad establecer las caracter\u00edsticas que deben reunir los procesos o servicios cuando estos puedan constituir un riesgo para la seguridad de las personas o da\u00f1ar la salud humana; as\u00ed como aquellas relativas a terminolog\u00eda y las que se refieran a su cumplimiento y aplicaci\u00f3n.<\/p>\n\n\n\n<p><strong>La Norma Mexicana NMX-R-025-SCFI-2015<\/strong> en Igualdad Laboral y No Discriminaci\u00f3n es una certificaci\u00f3n voluntaria, producto del esfuerzo de tres Instituciones del Gobierno Federal: la Secretar\u00eda de Trabajo y Previsi\u00f3n Social (<strong>STPS<\/strong>), el Instituto Nacional de las Mujeres (<strong>INMUJERES<\/strong>), y el Consejo Nacional para Prevenir la Discriminaci\u00f3n (<strong>CONAPRED)<\/strong>. Esta Norma Mexicana reconoce a los centros de trabajo que cuentan con pr\u00e1cticas de igualdad laboral y no discriminaci\u00f3n que favorecen el desarrollo integral de sus colaboradores\/as.<\/p>\n\n\n\n<p><strong>Continental<\/strong> produce y desarrolla componentes automotrices, llantas y productos de caucho que se exportan a distintos pa\u00edses. En M\u00e9xico tienen 21 locaciones (fabricas, oficinas, centros de investigaci\u00f3n y desarrollo) en 12 estados de la rep\u00fablica donde se emplea a m\u00e1s de 23,000 colaboradores, siendo una pieza clave de la industria de la movilidad de M\u00e9xico.<\/p>\n\n\n\n<p><strong>Continental<\/strong> tiene el compromiso de que el 100% de las plantas en el pa\u00eds tengan esta norma en nivel Oro y que de esta manera se reconozca a la compa\u00f1\u00eda comprometida con su personal en temas de no discriminaci\u00f3n e igualdad laboral. Actualmente cuenta con el 95% de las plantas en el pa\u00eds cumpliendo con esta normativa con la reciente actualizaci\u00f3n de las Plantas de Tijera y Perif\u00e9rico en Guadalajara que obtuvieron el nivel Oro.<\/p>\n\n\n\n<p>Para poder llegar a tener esta normativa ya sea en nivel Bronce, Plata u Oro, se necesitan comprobar los procesos de reclutamiento, selecci\u00f3n y capacitaci\u00f3n de personal con igualdad de oportunidades, medici\u00f3n de clima laboral, igualdad salarial y de prestaciones, uso de lenguaje incluyente, no sexista y accesible, salas de lactancia, flexibilizaci\u00f3n de horarios de trabajo, licencias de paternidad, medidas para apoyar necesidades de cuidado que contemplen la diversidad de familias y hogares, accesibilidad de espacios f\u00edsicos, mecanismos para prevenir, atender y sancionar la discriminaci\u00f3n y la violencia laboral. Con lo cual <strong>Continental <\/strong>se ha comprometido e incorporado la mayor\u00eda de los procesos necesarios para las normativas.<\/p>\n\n\n\n<p>Marco Galluzzi Vicepresidente de Relaciones Humanas y Focus Country Head de <strong>Continental M\u00e9xico<\/strong> manifest\u00f3: \u201cPara <strong>Continental M\u00e9xico<\/strong> es primordial otorgar a su personal un ambiente de trabajo sano, donde existe una real igualdad laboral y no discriminaci\u00f3n, es importante estar comprometidos con estas medidas y hacer que <strong>Continental<\/strong> sea un lugar de trabajo donde la gente se sienta c\u00f3moda.\u201d<\/p>\n\n\n\n<figure class=\"wp-block-image size-large\"><img decoding=\"async\" width=\"1024\" height=\"645\" src=\"https:\/\/andellac.com.mx\/blog\/wp-content\/uploads\/2023\/09\/Conti02-3-1024x645.png\" alt=\"\" class=\"wp-image-269\" srcset=\"https:\/\/andellac.com.mx\/blog\/wp-content\/uploads\/2023\/09\/Conti02-3-1024x645.png 1024w, https:\/\/andellac.com.mx\/blog\/wp-content\/uploads\/2023\/09\/Conti02-3-300x189.png 300w, https:\/\/andellac.com.mx\/blog\/wp-content\/uploads\/2023\/09\/Conti02-3-768x484.png 768w, https:\/\/andellac.com.mx\/blog\/wp-content\/uploads\/2023\/09\/Conti02-3-1536x968.png 1536w, https:\/\/andellac.com.mx\/blog\/wp-content\/uploads\/2023\/09\/Conti02-3-2048x1290.png 2048w\" sizes=\"(max-width: 1024px) 100vw, 1024px\" \/><\/figure>\n","protected":false},"excerpt":{"rendered":"<p>La empresa de tecnolog\u00eda Continental est\u00e1 comprometida con su personal en toda forma posible, haciendo que se convierta en una de las mejores empleadoras del pa\u00eds, dando a sus empleados\/as una mejor calidad de entorno laboral sano y comprometido con la igualdad, para muestra es la manera es que actualmente Continental en M\u00e9xico cuenta ya con el 95% de localidades certificadas en la NOM NMX-R-025-SCFI.<\/p>\n","protected":false},"author":2,"featured_media":271,"comment_status":"closed","ping_status":"open","sticky":false,"template":"","format":"standard","meta":{"_uag_custom_page_level_css":"","site-sidebar-layout":"default","site-content-layout":"","ast-site-content-layout":"default","site-content-style":"default","site-sidebar-style":"default","ast-global-header-display":"","ast-banner-title-visibility":"","ast-main-header-display":"","ast-hfb-above-header-display":"","ast-hfb-below-header-display":"","ast-hfb-mobile-header-display":"","site-post-title":"","ast-breadcrumbs-content":"","ast-featured-img":"","footer-sml-layout":"","ast-disable-related-posts":"","theme-transparent-header-meta":"","adv-header-id-meta":"","stick-header-meta":"","header-above-stick-meta":"","header-main-stick-meta":"","header-below-stick-meta":"","astra-migrate-meta-layouts":"default","ast-page-background-enabled":"default","ast-page-background-meta":{"desktop":{"background-color":"var(--ast-global-color-4)","background-image":"","background-repeat":"repeat","background-position":"center center","background-size":"auto","background-attachment":"scroll","background-type":"","background-media":"","overlay-type":"","overlay-color":"","overlay-opacity":"","overlay-gradient":""},"tablet":{"background-color":"","background-image":"","background-repeat":"repeat","background-position":"center center","background-size":"auto","background-attachment":"scroll","background-type":"","background-media":"","overlay-type":"","overlay-color":"","overlay-opacity":"","overlay-gradient":""},"mobile":{"background-color":"","background-image":"","background-repeat":"repeat","background-position":"center center","background-size":"auto","background-attachment":"scroll","background-type":"","background-media":"","overlay-type":"","overlay-color":"","overlay-opacity":"","overlay-gradient":""}},"ast-content-background-meta":{"desktop":{"background-color":"var(--ast-global-color-5)","background-image":"","background-repeat":"repeat","background-position":"center center","background-size":"auto","background-attachment":"scroll","background-type":"","background-media":"","overlay-type":"","overlay-color":"","overlay-opacity":"","overlay-gradient":""},"tablet":{"background-color":"var(--ast-global-color-5)","background-image":"","background-repeat":"repeat","background-position":"center center","background-size":"auto","background-attachment":"scroll","background-type":"","background-media":"","overlay-type":"","overlay-color":"","overlay-opacity":"","overlay-gradient":""},"mobile":{"background-color":"var(--ast-global-color-5)","background-image":"","background-repeat":"repeat","background-position":"center center","background-size":"auto","background-attachment":"scroll","background-type":"","background-media":"","overlay-type":"","overlay-color":"","overlay-opacity":"","overlay-gradient":""}},"_jetpack_memberships_contains_paid_content":false,"footnotes":""},"categories":[10],"tags":[68,18,48,12,11,14,39,24,53],"class_list":["post-261","post","type-post","status-publish","format-standard","has-post-thumbnail","hentry","category-noticias-del-gremio-llantero","tag-plantas-renovadorass","tag-andellac","tag-continental-mexico","tag-distribuidores-de-llantas","tag-fabricas-de-llantas","tag-gremio-llantero","tag-innovacion","tag-neumaticos","tag-tecnologia"],"yoast_head":"<!-- This site is optimized with the Yoast SEO plugin v27.5 - https:\/\/yoast.com\/product\/yoast-seo-wordpress\/ -->\n<title>Continental M\u00e9xico comprometida con su personal en temas de NO Discriminaci\u00f3n e Igualdad Laboral -<\/title>\n<meta name=\"robots\" content=\"index, follow, max-snippet:-1, max-image-preview:large, max-video-preview:-1\" \/>\n<link rel=\"canonical\" href=\"https:\/\/andellac.com.mx\/blog\/continental-mexico-comprometida-con-su-personal-en-temas-de-no-discriminacion-e-igualdad-laboral\/\" \/>\n<meta property=\"og:locale\" content=\"es_MX\" \/>\n<meta property=\"og:type\" content=\"article\" \/>\n<meta property=\"og:title\" content=\"Continental M\u00e9xico comprometida con su personal en temas de NO Discriminaci\u00f3n e Igualdad Laboral -\" \/>\n<meta property=\"og:description\" content=\"La empresa de tecnolog\u00eda Continental est\u00e1 comprometida con su personal en toda forma posible, haciendo que se convierta en una de las mejores empleadoras del pa\u00eds, dando a sus empleados\/as una mejor calidad de entorno laboral sano y comprometido con la igualdad, para muestra es la manera es que actualmente Continental en M\u00e9xico cuenta ya con el 95% de localidades certificadas en la NOM NMX-R-025-SCFI.\" \/>\n<meta property=\"og:url\" content=\"https:\/\/andellac.com.mx\/blog\/continental-mexico-comprometida-con-su-personal-en-temas-de-no-discriminacion-e-igualdad-laboral\/\" \/>\n<meta property=\"article:published_time\" content=\"2023-09-15T18:47:38+00:00\" \/>\n<meta property=\"article:modified_time\" content=\"2024-03-27T22:35:04+00:00\" \/>\n<meta property=\"og:image\" content=\"https:\/\/andellac.com.mx\/blog\/wp-content\/uploads\/2023\/09\/conti-3.png\" \/>\n\t<meta property=\"og:image:width\" content=\"589\" \/>\n\t<meta property=\"og:image:height\" content=\"227\" \/>\n\t<meta property=\"og:image:type\" content=\"image\/png\" \/>\n<meta name=\"author\" content=\"ANDELLAC\" \/>\n<meta name=\"twitter:card\" content=\"summary_large_image\" \/>\n<meta name=\"twitter:label1\" content=\"Escrito por\" \/>\n\t<meta name=\"twitter:data1\" content=\"ANDELLAC\" \/>\n\t<meta name=\"twitter:label2\" content=\"Tiempo de lectura\" \/>\n\t<meta name=\"twitter:data2\" content=\"3 minutos\" \/>\n<script type=\"application\/ld+json\" class=\"yoast-schema-graph\">{\"@context\":\"https:\\\/\\\/schema.org\",\"@graph\":[{\"@type\":\"Article\",\"@id\":\"https:\\\/\\\/andellac.com.mx\\\/blog\\\/continental-mexico-comprometida-con-su-personal-en-temas-de-no-discriminacion-e-igualdad-laboral\\\/#article\",\"isPartOf\":{\"@id\":\"https:\\\/\\\/andellac.com.mx\\\/blog\\\/continental-mexico-comprometida-con-su-personal-en-temas-de-no-discriminacion-e-igualdad-laboral\\\/\"},\"author\":{\"name\":\"ANDELLAC\",\"@id\":\"https:\\\/\\\/andellac.com.mx\\\/blog\\\/#\\\/schema\\\/person\\\/a7df3ae636a0904bf928b51245241b0a\"},\"headline\":\"Continental M\u00e9xico comprometida con su personal en temas de NO Discriminaci\u00f3n e Igualdad Laboral\",\"datePublished\":\"2023-09-15T18:47:38+00:00\",\"dateModified\":\"2024-03-27T22:35:04+00:00\",\"mainEntityOfPage\":{\"@id\":\"https:\\\/\\\/andellac.com.mx\\\/blog\\\/continental-mexico-comprometida-con-su-personal-en-temas-de-no-discriminacion-e-igualdad-laboral\\\/\"},\"wordCount\":588,\"image\":{\"@id\":\"https:\\\/\\\/andellac.com.mx\\\/blog\\\/continental-mexico-comprometida-con-su-personal-en-temas-de-no-discriminacion-e-igualdad-laboral\\\/#primaryimage\"},\"thumbnailUrl\":\"https:\\\/\\\/andellac.com.mx\\\/blog\\\/wp-content\\\/uploads\\\/2023\\\/09\\\/conti-3.png\",\"keywords\":[\"#Plantas renovadorass\",\"ANDELLAC\",\"Continental M\u00e9xico\",\"Distribuidores de Llantas\",\"F\u00e1bricas de Llantas\",\"Gremio Llantero\",\"Innovaci\u00f3n\",\"Ne\u00famaticos\",\"Tecnolog\u00eda\"],\"articleSection\":[\"Noticias del Gremio Llantero\"],\"inLanguage\":\"es\"},{\"@type\":\"WebPage\",\"@id\":\"https:\\\/\\\/andellac.com.mx\\\/blog\\\/continental-mexico-comprometida-con-su-personal-en-temas-de-no-discriminacion-e-igualdad-laboral\\\/\",\"url\":\"https:\\\/\\\/andellac.com.mx\\\/blog\\\/continental-mexico-comprometida-con-su-personal-en-temas-de-no-discriminacion-e-igualdad-laboral\\\/\",\"name\":\"Continental M\u00e9xico comprometida con su personal en temas de NO Discriminaci\u00f3n e Igualdad Laboral -\",\"isPartOf\":{\"@id\":\"https:\\\/\\\/andellac.com.mx\\\/blog\\\/#website\"},\"primaryImageOfPage\":{\"@id\":\"https:\\\/\\\/andellac.com.mx\\\/blog\\\/continental-mexico-comprometida-con-su-personal-en-temas-de-no-discriminacion-e-igualdad-laboral\\\/#primaryimage\"},\"image\":{\"@id\":\"https:\\\/\\\/andellac.com.mx\\\/blog\\\/continental-mexico-comprometida-con-su-personal-en-temas-de-no-discriminacion-e-igualdad-laboral\\\/#primaryimage\"},\"thumbnailUrl\":\"https:\\\/\\\/andellac.com.mx\\\/blog\\\/wp-content\\\/uploads\\\/2023\\\/09\\\/conti-3.png\",\"datePublished\":\"2023-09-15T18:47:38+00:00\",\"dateModified\":\"2024-03-27T22:35:04+00:00\",\"author\":{\"@id\":\"https:\\\/\\\/andellac.com.mx\\\/blog\\\/#\\\/schema\\\/person\\\/a7df3ae636a0904bf928b51245241b0a\"},\"breadcrumb\":{\"@id\":\"https:\\\/\\\/andellac.com.mx\\\/blog\\\/continental-mexico-comprometida-con-su-personal-en-temas-de-no-discriminacion-e-igualdad-laboral\\\/#breadcrumb\"},\"inLanguage\":\"es\",\"potentialAction\":[{\"@type\":\"ReadAction\",\"target\":[\"https:\\\/\\\/andellac.com.mx\\\/blog\\\/continental-mexico-comprometida-con-su-personal-en-temas-de-no-discriminacion-e-igualdad-laboral\\\/\"]}]},{\"@type\":\"ImageObject\",\"inLanguage\":\"es\",\"@id\":\"https:\\\/\\\/andellac.com.mx\\\/blog\\\/continental-mexico-comprometida-con-su-personal-en-temas-de-no-discriminacion-e-igualdad-laboral\\\/#primaryimage\",\"url\":\"https:\\\/\\\/andellac.com.mx\\\/blog\\\/wp-content\\\/uploads\\\/2023\\\/09\\\/conti-3.png\",\"contentUrl\":\"https:\\\/\\\/andellac.com.mx\\\/blog\\\/wp-content\\\/uploads\\\/2023\\\/09\\\/conti-3.png\",\"width\":589,\"height\":227},{\"@type\":\"BreadcrumbList\",\"@id\":\"https:\\\/\\\/andellac.com.mx\\\/blog\\\/continental-mexico-comprometida-con-su-personal-en-temas-de-no-discriminacion-e-igualdad-laboral\\\/#breadcrumb\",\"itemListElement\":[{\"@type\":\"ListItem\",\"position\":1,\"name\":\"Inicio\",\"item\":\"https:\\\/\\\/andellac.com.mx\\\/blog\\\/\"},{\"@type\":\"ListItem\",\"position\":2,\"name\":\"Continental M\u00e9xico comprometida con su personal en temas de NO Discriminaci\u00f3n e Igualdad Laboral\"}]},{\"@type\":\"WebSite\",\"@id\":\"https:\\\/\\\/andellac.com.mx\\\/blog\\\/#website\",\"url\":\"https:\\\/\\\/andellac.com.mx\\\/blog\\\/\",\"name\":\"\",\"description\":\"Encuentra las noticias del Gremio Llantero, del Sector Automotriz y contenido para hacer crecer tu negocio..\",\"potentialAction\":[{\"@type\":\"SearchAction\",\"target\":{\"@type\":\"EntryPoint\",\"urlTemplate\":\"https:\\\/\\\/andellac.com.mx\\\/blog\\\/?s={search_term_string}\"},\"query-input\":{\"@type\":\"PropertyValueSpecification\",\"valueRequired\":true,\"valueName\":\"search_term_string\"}}],\"inLanguage\":\"es\"},{\"@type\":\"Person\",\"@id\":\"https:\\\/\\\/andellac.com.mx\\\/blog\\\/#\\\/schema\\\/person\\\/a7df3ae636a0904bf928b51245241b0a\",\"name\":\"ANDELLAC\",\"image\":{\"@type\":\"ImageObject\",\"inLanguage\":\"es\",\"@id\":\"https:\\\/\\\/secure.gravatar.com\\\/avatar\\\/7fbf781ead2fd971563a7be3251e9385215a56dd2eb57ad1a786ccb27379657f?s=96&d=mm&r=g\",\"url\":\"https:\\\/\\\/secure.gravatar.com\\\/avatar\\\/7fbf781ead2fd971563a7be3251e9385215a56dd2eb57ad1a786ccb27379657f?s=96&d=mm&r=g\",\"contentUrl\":\"https:\\\/\\\/secure.gravatar.com\\\/avatar\\\/7fbf781ead2fd971563a7be3251e9385215a56dd2eb57ad1a786ccb27379657f?s=96&d=mm&r=g\",\"caption\":\"ANDELLAC\"},\"url\":\"https:\\\/\\\/andellac.com.mx\\\/blog\\\/author\\\/ileana\\\/\"}]}<\/script>\n<!-- \/ Yoast SEO plugin. -->","yoast_head_json":{"title":"Continental M\u00e9xico comprometida con su personal en temas de NO Discriminaci\u00f3n e Igualdad Laboral -","robots":{"index":"index","follow":"follow","max-snippet":"max-snippet:-1","max-image-preview":"max-image-preview:large","max-video-preview":"max-video-preview:-1"},"canonical":"https:\/\/andellac.com.mx\/blog\/continental-mexico-comprometida-con-su-personal-en-temas-de-no-discriminacion-e-igualdad-laboral\/","og_locale":"es_MX","og_type":"article","og_title":"Continental M\u00e9xico comprometida con su personal en temas de NO Discriminaci\u00f3n e Igualdad Laboral -","og_description":"La empresa de tecnolog\u00eda Continental est\u00e1 comprometida con su personal en toda forma posible, haciendo que se convierta en una de las mejores empleadoras del pa\u00eds, dando a sus empleados\/as una mejor calidad de entorno laboral sano y comprometido con la igualdad, para muestra es la manera es que actualmente Continental en M\u00e9xico cuenta ya con el 95% de localidades certificadas en la NOM NMX-R-025-SCFI.","og_url":"https:\/\/andellac.com.mx\/blog\/continental-mexico-comprometida-con-su-personal-en-temas-de-no-discriminacion-e-igualdad-laboral\/","article_published_time":"2023-09-15T18:47:38+00:00","article_modified_time":"2024-03-27T22:35:04+00:00","og_image":[{"width":589,"height":227,"url":"https:\/\/andellac.com.mx\/blog\/wp-content\/uploads\/2023\/09\/conti-3.png","type":"image\/png"}],"author":"ANDELLAC","twitter_card":"summary_large_image","twitter_misc":{"Escrito por":"ANDELLAC","Tiempo de lectura":"3 minutos"},"schema":{"@context":"https:\/\/schema.org","@graph":[{"@type":"Article","@id":"https:\/\/andellac.com.mx\/blog\/continental-mexico-comprometida-con-su-personal-en-temas-de-no-discriminacion-e-igualdad-laboral\/#article","isPartOf":{"@id":"https:\/\/andellac.com.mx\/blog\/continental-mexico-comprometida-con-su-personal-en-temas-de-no-discriminacion-e-igualdad-laboral\/"},"author":{"name":"ANDELLAC","@id":"https:\/\/andellac.com.mx\/blog\/#\/schema\/person\/a7df3ae636a0904bf928b51245241b0a"},"headline":"Continental M\u00e9xico comprometida con su personal en temas de NO Discriminaci\u00f3n e Igualdad Laboral","datePublished":"2023-09-15T18:47:38+00:00","dateModified":"2024-03-27T22:35:04+00:00","mainEntityOfPage":{"@id":"https:\/\/andellac.com.mx\/blog\/continental-mexico-comprometida-con-su-personal-en-temas-de-no-discriminacion-e-igualdad-laboral\/"},"wordCount":588,"image":{"@id":"https:\/\/andellac.com.mx\/blog\/continental-mexico-comprometida-con-su-personal-en-temas-de-no-discriminacion-e-igualdad-laboral\/#primaryimage"},"thumbnailUrl":"https:\/\/andellac.com.mx\/blog\/wp-content\/uploads\/2023\/09\/conti-3.png","keywords":["#Plantas renovadorass","ANDELLAC","Continental M\u00e9xico","Distribuidores de Llantas","F\u00e1bricas de Llantas","Gremio Llantero","Innovaci\u00f3n","Ne\u00famaticos","Tecnolog\u00eda"],"articleSection":["Noticias del Gremio Llantero"],"inLanguage":"es"},{"@type":"WebPage","@id":"https:\/\/andellac.com.mx\/blog\/continental-mexico-comprometida-con-su-personal-en-temas-de-no-discriminacion-e-igualdad-laboral\/","url":"https:\/\/andellac.com.mx\/blog\/continental-mexico-comprometida-con-su-personal-en-temas-de-no-discriminacion-e-igualdad-laboral\/","name":"Continental M\u00e9xico comprometida con su personal en temas de NO Discriminaci\u00f3n e Igualdad Laboral -","isPartOf":{"@id":"https:\/\/andellac.com.mx\/blog\/#website"},"primaryImageOfPage":{"@id":"https:\/\/andellac.com.mx\/blog\/continental-mexico-comprometida-con-su-personal-en-temas-de-no-discriminacion-e-igualdad-laboral\/#primaryimage"},"image":{"@id":"https:\/\/andellac.com.mx\/blog\/continental-mexico-comprometida-con-su-personal-en-temas-de-no-discriminacion-e-igualdad-laboral\/#primaryimage"},"thumbnailUrl":"https:\/\/andellac.com.mx\/blog\/wp-content\/uploads\/2023\/09\/conti-3.png","datePublished":"2023-09-15T18:47:38+00:00","dateModified":"2024-03-27T22:35:04+00:00","author":{"@id":"https:\/\/andellac.com.mx\/blog\/#\/schema\/person\/a7df3ae636a0904bf928b51245241b0a"},"breadcrumb":{"@id":"https:\/\/andellac.com.mx\/blog\/continental-mexico-comprometida-con-su-personal-en-temas-de-no-discriminacion-e-igualdad-laboral\/#breadcrumb"},"inLanguage":"es","potentialAction":[{"@type":"ReadAction","target":["https:\/\/andellac.com.mx\/blog\/continental-mexico-comprometida-con-su-personal-en-temas-de-no-discriminacion-e-igualdad-laboral\/"]}]},{"@type":"ImageObject","inLanguage":"es","@id":"https:\/\/andellac.com.mx\/blog\/continental-mexico-comprometida-con-su-personal-en-temas-de-no-discriminacion-e-igualdad-laboral\/#primaryimage","url":"https:\/\/andellac.com.mx\/blog\/wp-content\/uploads\/2023\/09\/conti-3.png","contentUrl":"https:\/\/andellac.com.mx\/blog\/wp-content\/uploads\/2023\/09\/conti-3.png","width":589,"height":227},{"@type":"BreadcrumbList","@id":"https:\/\/andellac.com.mx\/blog\/continental-mexico-comprometida-con-su-personal-en-temas-de-no-discriminacion-e-igualdad-laboral\/#breadcrumb","itemListElement":[{"@type":"ListItem","position":1,"name":"Inicio","item":"https:\/\/andellac.com.mx\/blog\/"},{"@type":"ListItem","position":2,"name":"Continental M\u00e9xico comprometida con su personal en temas de NO Discriminaci\u00f3n e Igualdad Laboral"}]},{"@type":"WebSite","@id":"https:\/\/andellac.com.mx\/blog\/#website","url":"https:\/\/andellac.com.mx\/blog\/","name":"","description":"Encuentra las noticias del Gremio Llantero, del Sector Automotriz y contenido para hacer crecer tu negocio..","potentialAction":[{"@type":"SearchAction","target":{"@type":"EntryPoint","urlTemplate":"https:\/\/andellac.com.mx\/blog\/?s={search_term_string}"},"query-input":{"@type":"PropertyValueSpecification","valueRequired":true,"valueName":"search_term_string"}}],"inLanguage":"es"},{"@type":"Person","@id":"https:\/\/andellac.com.mx\/blog\/#\/schema\/person\/a7df3ae636a0904bf928b51245241b0a","name":"ANDELLAC","image":{"@type":"ImageObject","inLanguage":"es","@id":"https:\/\/secure.gravatar.com\/avatar\/7fbf781ead2fd971563a7be3251e9385215a56dd2eb57ad1a786ccb27379657f?s=96&d=mm&r=g","url":"https:\/\/secure.gravatar.com\/avatar\/7fbf781ead2fd971563a7be3251e9385215a56dd2eb57ad1a786ccb27379657f?s=96&d=mm&r=g","contentUrl":"https:\/\/secure.gravatar.com\/avatar\/7fbf781ead2fd971563a7be3251e9385215a56dd2eb57ad1a786ccb27379657f?s=96&d=mm&r=g","caption":"ANDELLAC"},"url":"https:\/\/andellac.com.mx\/blog\/author\/ileana\/"}]}},"jetpack_featured_media_url":"https:\/\/andellac.com.mx\/blog\/wp-content\/uploads\/2023\/09\/conti-3.png","uagb_featured_image_src":{"full":["https:\/\/andellac.com.mx\/blog\/wp-content\/uploads\/2023\/09\/conti-3.png",589,227,false],"thumbnail":["https:\/\/andellac.com.mx\/blog\/wp-content\/uploads\/2023\/09\/conti-3-150x150.png",150,150,true],"medium":["https:\/\/andellac.com.mx\/blog\/wp-content\/uploads\/2023\/09\/conti-3-300x116.png",300,116,true],"medium_large":["https:\/\/andellac.com.mx\/blog\/wp-content\/uploads\/2023\/09\/conti-3.png",589,227,false],"large":["https:\/\/andellac.com.mx\/blog\/wp-content\/uploads\/2023\/09\/conti-3.png",589,227,false],"1536x1536":["https:\/\/andellac.com.mx\/blog\/wp-content\/uploads\/2023\/09\/conti-3.png",589,227,false],"2048x2048":["https:\/\/andellac.com.mx\/blog\/wp-content\/uploads\/2023\/09\/conti-3.png",589,227,false]},"uagb_author_info":{"display_name":"ANDELLAC","author_link":"https:\/\/andellac.com.mx\/blog\/author\/ileana\/"},"uagb_comment_info":0,"uagb_excerpt":"La empresa de tecnolog\u00eda Continental est\u00e1 comprometida con su personal en toda forma posible, haciendo que se convierta en una de las mejores empleadoras del pa\u00eds, dando a sus empleados\/as una mejor calidad de entorno laboral sano y comprometido con la igualdad, para muestra es la manera es que actualmente Continental en M\u00e9xico cuenta ya&hellip;","jetpack_sharing_enabled":true,"rttpg_featured_image_url":{"full":["https:\/\/andellac.com.mx\/blog\/wp-content\/uploads\/2023\/09\/conti-3.png",589,227,false],"landscape":["https:\/\/andellac.com.mx\/blog\/wp-content\/uploads\/2023\/09\/conti-3.png",589,227,false],"portraits":["https:\/\/andellac.com.mx\/blog\/wp-content\/uploads\/2023\/09\/conti-3.png",589,227,false],"thumbnail":["https:\/\/andellac.com.mx\/blog\/wp-content\/uploads\/2023\/09\/conti-3-150x150.png",150,150,true],"medium":["https:\/\/andellac.com.mx\/blog\/wp-content\/uploads\/2023\/09\/conti-3-300x116.png",300,116,true],"large":["https:\/\/andellac.com.mx\/blog\/wp-content\/uploads\/2023\/09\/conti-3.png",589,227,false],"1536x1536":["https:\/\/andellac.com.mx\/blog\/wp-content\/uploads\/2023\/09\/conti-3.png",589,227,false],"2048x2048":["https:\/\/andellac.com.mx\/blog\/wp-content\/uploads\/2023\/09\/conti-3.png",589,227,false]},"rttpg_author":{"display_name":"ANDELLAC","author_link":"https:\/\/andellac.com.mx\/blog\/author\/ileana\/"},"rttpg_comment":0,"rttpg_category":"<a href=\"https:\/\/andellac.com.mx\/blog\/category\/noticias-del-gremio-llantero\/\" rel=\"category tag\">Noticias del Gremio Llantero<\/a>","rttpg_excerpt":"La empresa de tecnolog\u00eda Continental est\u00e1 comprometida con su personal en toda forma posible, haciendo que se convierta en una de las mejores empleadoras del pa\u00eds, dando a sus empleados\/as una mejor calidad de entorno laboral sano y comprometido con la igualdad, para muestra es la manera es que actualmente Continental en M\u00e9xico cuenta ya&hellip;","_links":{"self":[{"href":"https:\/\/andellac.com.mx\/blog\/wp-json\/wp\/v2\/posts\/261","targetHints":{"allow":["GET"]}}],"collection":[{"href":"https:\/\/andellac.com.mx\/blog\/wp-json\/wp\/v2\/posts"}],"about":[{"href":"https:\/\/andellac.com.mx\/blog\/wp-json\/wp\/v2\/types\/post"}],"author":[{"embeddable":true,"href":"https:\/\/andellac.com.mx\/blog\/wp-json\/wp\/v2\/users\/2"}],"replies":[{"embeddable":true,"href":"https:\/\/andellac.com.mx\/blog\/wp-json\/wp\/v2\/comments?post=261"}],"version-history":[{"count":5,"href":"https:\/\/andellac.com.mx\/blog\/wp-json\/wp\/v2\/posts\/261\/revisions"}],"predecessor-version":[{"id":272,"href":"https:\/\/andellac.com.mx\/blog\/wp-json\/wp\/v2\/posts\/261\/revisions\/272"}],"wp:featuredmedia":[{"embeddable":true,"href":"https:\/\/andellac.com.mx\/blog\/wp-json\/wp\/v2\/media\/271"}],"wp:attachment":[{"href":"https:\/\/andellac.com.mx\/blog\/wp-json\/wp\/v2\/media?parent=261"}],"wp:term":[{"taxonomy":"category","embeddable":true,"href":"https:\/\/andellac.com.mx\/blog\/wp-json\/wp\/v2\/categories?post=261"},{"taxonomy":"post_tag","embeddable":true,"href":"https:\/\/andellac.com.mx\/blog\/wp-json\/wp\/v2\/tags?post=261"}],"curies":[{"name":"wp","href":"https:\/\/api.w.org\/{rel}","templated":true}]}}