{"id":1857,"date":"2025-10-01T17:59:06","date_gmt":"2025-10-01T23:59:06","guid":{"rendered":"https:\/\/andellac.com.mx\/blog\/?p=1857"},"modified":"2026-04-08T17:14:20","modified_gmt":"2026-04-08T23:14:20","slug":"monterrey-recibio-la-junta-regional-andellac-con-enfoque-en-innovacion-cooperacion-y-fortalecimiento-del-gremio-llantero","status":"publish","type":"post","link":"https:\/\/andellac.com.mx\/blog\/monterrey-recibio-la-junta-regional-andellac-con-enfoque-en-innovacion-cooperacion-y-fortalecimiento-del-gremio-llantero\/","title":{"rendered":"Monterrey recibi\u00f3 la Junta Regional ANDELLAC con enfoque en innovaci\u00f3n, cooperaci\u00f3n y fortalecimiento del gremio llantero"},"content":{"rendered":"\n<hr class=\"wp-block-separator has-alpha-channel-opacity\"\/>\n\n\n\n<p>El pasado <strong>25 de septiembre de 2025<\/strong>, el <strong>Hotel Galer\u00eda Plaza Monterrey<\/strong> fue sede de la <strong>Junta Regional ANDELLAC<\/strong>, donde distribuidores de llantas y empresas proveedoras de la regi\u00f3n norte se dieron cita para dialogar sobre el futuro de la industria llantera y reforzar los lazos de colaboraci\u00f3n que caracterizan al gremio.<\/p>\n\n\n\n<p>Estas <strong>juntas regionales<\/strong> se han consolidado como un espacio estrat\u00e9gico para <strong>fortalecer la uni\u00f3n del sector, generar v\u00ednculos comerciales y promover la cooperaci\u00f3n mutua<\/strong> entre los diferentes actores de la cadena de valor. M\u00e1s all\u00e1 de los temas t\u00e9cnicos y de innovaci\u00f3n, representan la oportunidad de compartir experiencias, detectar necesidades comunes y construir soluciones conjuntas que eleven la competitividad de todos los participantes.<\/p>\n\n\n\n<p>Uno de los momentos m\u00e1s relevantes del encuentro fue cuando Durante su intervenci\u00f3n, el <strong>Presidente de ANDELLAC, C.P. Enrique Acosta y Arce<\/strong>, destac\u00f3 la importancia de impulsar estrategias que apoyen a las <strong>plantas renovadoras de llantas<\/strong>, subrayando la necesidad de concientizar a las grandes flotas sobre los beneficios del renovado. Record\u00f3 que ANDELLAC ha emprendido diversas acciones en este sentido, como el evento realizado en conjunto con <strong>UNCOFYL en la Central de Abastos de la Ciudad de M\u00e9xico<\/strong>, donde se imparti\u00f3 una charla sobre las ventajas del renovado de llantas, resaltando su impacto positivo en la <strong>ecolog\u00eda y el ahorro de combustible<\/strong>.<\/p>\n\n\n\n<p> Por otro lado, se imparti\u00f3 la conferencia <strong>\u201cIA para llanteras: c\u00f3mo duplicar ventas y reducir 90% el trabajo de marketing\u201d<\/strong>, por <strong>Jos\u00e9 Antonio Vergara, CEO de Patios Llenos<\/strong>, que mostr\u00f3 c\u00f3mo la inteligencia artificial se ha convertido en una herramienta fundamental para transformar los centros de servicios llanteros, abrir nuevas oportunidades de negocio y fidelizar a los clientes en un entorno cada vez m\u00e1s competitivo.<\/p>\n\n\n\n<p>Adem\u00e1s, los <strong>patrocinadores<\/strong> presentaron <strong>productos y tecnolog\u00edas de vanguardia<\/strong> que contribuyen directamente a la modernizaci\u00f3n de los centros de servicio, fortaleciendo la capacidad del gremio para atender las nuevas demandas del mercado y mejorar la experiencia del cliente final.<\/p>\n\n\n\n<p>Con estas acciones, ANDELLAC reafirma su compromiso de seguir trabajando por un gremio m\u00e1s unido, innovador y sustentable. Las <strong>juntas regionales<\/strong>, como la celebrada en Monterrey, son un pilar fundamental para fortalecer el sector, promover la actualizaci\u00f3n continua y consolidar a la industria llantera como un motor clave en la movilidad y econom\u00eda del pa\u00eds.<\/p>\n\n\n\n<h2 class=\"wp-block-heading\">Revive la Junta Regional de Monterrey<\/h2>\n\n\n\n<figure class=\"wp-block-embed is-type-video is-provider-youtube wp-block-embed-youtube wp-embed-aspect-9-16 wp-has-aspect-ratio\" style=\"margin-top:0;margin-bottom:0\"><div class=\"wp-block-embed__wrapper\">\n<iframe title=\"ANDELLAC | JUNTA REGIONAL MONTERREY\" width=\"422\" height=\"750\" src=\"https:\/\/www.youtube.com\/embed\/sAX6dDBvSxA?feature=oembed\" frameborder=\"0\" allow=\"accelerometer; autoplay; clipboard-write; encrypted-media; gyroscope; picture-in-picture; web-share\" referrerpolicy=\"strict-origin-when-cross-origin\" allowfullscreen><\/iframe>\n<\/div><\/figure>\n\n\n\t\t\t\t\t<div\n\t\t\t\t\t\tclass=\"wp-block-uagb-image-gallery uagb-block-d196d380     \"\n\t\t\t\t\t\tstyle=\"\"\n\t\t\t\t\t>\n\t\t\t\t\t\t\t\t\t\t\t<div class=\"spectra-image-gallery spectra-image-gallery__layout--grid spectra-image-gallery__layout--grid-col-3 spectra-image-gallery__layout--grid-col-tab-3 spectra-image-gallery__layout--grid-col-mob-2\">\n\t\t\t\t\t\t\t\t\t\t\t<div class='spectra-image-gallery__media-wrapper' data-spectra-gallery-image-id='1880' tabindex=\"0\">\n\t\t\t\t\t\t\t<div class=\"spectra-image-gallery__media spectra-image-gallery__media--grid\">\n\t\t\t\t<picture>\n\t\t\t\t\t<source media=\"(min-width: 1024px)\" srcset=\"https:\/\/andellac.com.mx\/blog\/wp-content\/uploads\/2025\/10\/Junta-Regional-ANDELLAC-MONTERREY-25-presidente-576x1024.jpeg\">\n\t\t\t\t\t<source media=\"(min-width: 768px)\" srcset=\"https:\/\/andellac.com.mx\/blog\/wp-content\/uploads\/2025\/10\/Junta-Regional-ANDELLAC-MONTERREY-25-presidente-576x1024.jpeg\">\n\t\t\t\t\t<img decoding=\"async\" class=\"spectra-image-gallery__media-thumbnail spectra-image-gallery__media-thumbnail--grid\" src=\"https:\/\/andellac.com.mx\/blog\/wp-content\/uploads\/2025\/10\/Junta-Regional-ANDELLAC-MONTERREY-25-presidente-169x300.jpeg\" alt=\"\" loading=\"lazy\" \/>\n\t\t\t\t<\/picture>\n\t\t\t\t<div class=\"spectra-image-gallery__media-thumbnail-blurrer\"><\/div>\n\t\t\t\t\t\t\t\t\t\t\t<div class=\"spectra-image-gallery__media-thumbnail-caption-wrapper spectra-image-gallery__media-thumbnail-caption-wrapper--overlay\">\n\t\t\t\t\t\t\t\t\t\t\t<div class=\"spectra-image-gallery__media-thumbnail-caption spectra-image-gallery__media-thumbnail-caption--overlay\">\n\t\t\t\t\tNo Caption\t\t\t\t<\/div>\n\t\t\t\t\t\t\t\t\t\t<\/div>\n\t\t\t\t\t\t\t\t\t<\/div>\n\t\t\t\t\t\t<\/div>\n\t\t\t\t\t\t<div class='spectra-image-gallery__media-wrapper' data-spectra-gallery-image-id='1858' tabindex=\"0\">\n\t\t\t\t\t\t\t<div class=\"spectra-image-gallery__media spectra-image-gallery__media--grid\">\n\t\t\t\t<picture>\n\t\t\t\t\t<source media=\"(min-width: 1024px)\" srcset=\"https:\/\/andellac.com.mx\/blog\/wp-content\/uploads\/2025\/10\/Junta-Regional-ANDELLAC-MONTERREY-25-1024x768.jpeg\">\n\t\t\t\t\t<source media=\"(min-width: 768px)\" srcset=\"https:\/\/andellac.com.mx\/blog\/wp-content\/uploads\/2025\/10\/Junta-Regional-ANDELLAC-MONTERREY-25-1024x768.jpeg\">\n\t\t\t\t\t<img decoding=\"async\" class=\"spectra-image-gallery__media-thumbnail spectra-image-gallery__media-thumbnail--grid\" src=\"https:\/\/andellac.com.mx\/blog\/wp-content\/uploads\/2025\/10\/Junta-Regional-ANDELLAC-MONTERREY-25-300x225.jpeg\" alt=\"\" loading=\"lazy\" \/>\n\t\t\t\t<\/picture>\n\t\t\t\t<div class=\"spectra-image-gallery__media-thumbnail-blurrer\"><\/div>\n\t\t\t\t\t\t\t\t\t\t\t<div class=\"spectra-image-gallery__media-thumbnail-caption-wrapper spectra-image-gallery__media-thumbnail-caption-wrapper--overlay\">\n\t\t\t\t\t\t\t\t\t\t\t<div class=\"spectra-image-gallery__media-thumbnail-caption spectra-image-gallery__media-thumbnail-caption--overlay\">\n\t\t\t\t\tNo Caption\t\t\t\t<\/div>\n\t\t\t\t\t\t\t\t\t\t<\/div>\n\t\t\t\t\t\t\t\t\t<\/div>\n\t\t\t\t\t\t<\/div>\n\t\t\t\t\t\t<div class='spectra-image-gallery__media-wrapper' data-spectra-gallery-image-id='1859' tabindex=\"0\">\n\t\t\t\t\t\t\t<div class=\"spectra-image-gallery__media spectra-image-gallery__media--grid\">\n\t\t\t\t<picture>\n\t\t\t\t\t<source media=\"(min-width: 1024px)\" srcset=\"https:\/\/andellac.com.mx\/blog\/wp-content\/uploads\/2025\/10\/Junta-Regional-ANDELLAC-MONTERREY-25-2-1024x768.jpeg\">\n\t\t\t\t\t<source media=\"(min-width: 768px)\" srcset=\"https:\/\/andellac.com.mx\/blog\/wp-content\/uploads\/2025\/10\/Junta-Regional-ANDELLAC-MONTERREY-25-2-1024x768.jpeg\">\n\t\t\t\t\t<img decoding=\"async\" class=\"spectra-image-gallery__media-thumbnail spectra-image-gallery__media-thumbnail--grid\" src=\"https:\/\/andellac.com.mx\/blog\/wp-content\/uploads\/2025\/10\/Junta-Regional-ANDELLAC-MONTERREY-25-2-300x225.jpeg\" alt=\"\" loading=\"lazy\" \/>\n\t\t\t\t<\/picture>\n\t\t\t\t<div class=\"spectra-image-gallery__media-thumbnail-blurrer\"><\/div>\n\t\t\t\t\t\t\t\t\t\t\t<div class=\"spectra-image-gallery__media-thumbnail-caption-wrapper spectra-image-gallery__media-thumbnail-caption-wrapper--overlay\">\n\t\t\t\t\t\t\t\t\t\t\t<div class=\"spectra-image-gallery__media-thumbnail-caption spectra-image-gallery__media-thumbnail-caption--overlay\">\n\t\t\t\t\tNo Caption\t\t\t\t<\/div>\n\t\t\t\t\t\t\t\t\t\t<\/div>\n\t\t\t\t\t\t\t\t\t<\/div>\n\t\t\t\t\t\t<\/div>\n\t\t\t\t\t\t<div class='spectra-image-gallery__media-wrapper' data-spectra-gallery-image-id='1860' tabindex=\"0\">\n\t\t\t\t\t\t\t<div class=\"spectra-image-gallery__media spectra-image-gallery__media--grid\">\n\t\t\t\t<picture>\n\t\t\t\t\t<source media=\"(min-width: 1024px)\" srcset=\"https:\/\/andellac.com.mx\/blog\/wp-content\/uploads\/2025\/10\/Junta-Regional-ANDELLAC-MONTERREY-25-3-1024x768.jpeg\">\n\t\t\t\t\t<source media=\"(min-width: 768px)\" srcset=\"https:\/\/andellac.com.mx\/blog\/wp-content\/uploads\/2025\/10\/Junta-Regional-ANDELLAC-MONTERREY-25-3-1024x768.jpeg\">\n\t\t\t\t\t<img decoding=\"async\" class=\"spectra-image-gallery__media-thumbnail spectra-image-gallery__media-thumbnail--grid\" src=\"https:\/\/andellac.com.mx\/blog\/wp-content\/uploads\/2025\/10\/Junta-Regional-ANDELLAC-MONTERREY-25-3-300x225.jpeg\" alt=\"\" loading=\"lazy\" \/>\n\t\t\t\t<\/picture>\n\t\t\t\t<div class=\"spectra-image-gallery__media-thumbnail-blurrer\"><\/div>\n\t\t\t\t\t\t\t\t\t\t\t<div class=\"spectra-image-gallery__media-thumbnail-caption-wrapper spectra-image-gallery__media-thumbnail-caption-wrapper--overlay\">\n\t\t\t\t\t\t\t\t\t\t\t<div class=\"spectra-image-gallery__media-thumbnail-caption spectra-image-gallery__media-thumbnail-caption--overlay\">\n\t\t\t\t\tNo Caption\t\t\t\t<\/div>\n\t\t\t\t\t\t\t\t\t\t<\/div>\n\t\t\t\t\t\t\t\t\t<\/div>\n\t\t\t\t\t\t<\/div>\n\t\t\t\t\t\t<div class='spectra-image-gallery__media-wrapper' data-spectra-gallery-image-id='1861' tabindex=\"0\">\n\t\t\t\t\t\t\t<div class=\"spectra-image-gallery__media spectra-image-gallery__media--grid\">\n\t\t\t\t<picture>\n\t\t\t\t\t<source media=\"(min-width: 1024px)\" srcset=\"https:\/\/andellac.com.mx\/blog\/wp-content\/uploads\/2025\/10\/Junta-Regional-ANDELLAC-MONTERREY-25-4-1024x768.jpeg\">\n\t\t\t\t\t<source media=\"(min-width: 768px)\" srcset=\"https:\/\/andellac.com.mx\/blog\/wp-content\/uploads\/2025\/10\/Junta-Regional-ANDELLAC-MONTERREY-25-4-1024x768.jpeg\">\n\t\t\t\t\t<img decoding=\"async\" class=\"spectra-image-gallery__media-thumbnail spectra-image-gallery__media-thumbnail--grid\" src=\"https:\/\/andellac.com.mx\/blog\/wp-content\/uploads\/2025\/10\/Junta-Regional-ANDELLAC-MONTERREY-25-4-300x225.jpeg\" alt=\"\" loading=\"lazy\" \/>\n\t\t\t\t<\/picture>\n\t\t\t\t<div class=\"spectra-image-gallery__media-thumbnail-blurrer\"><\/div>\n\t\t\t\t\t\t\t\t\t\t\t<div class=\"spectra-image-gallery__media-thumbnail-caption-wrapper spectra-image-gallery__media-thumbnail-caption-wrapper--overlay\">\n\t\t\t\t\t\t\t\t\t\t\t<div class=\"spectra-image-gallery__media-thumbnail-caption spectra-image-gallery__media-thumbnail-caption--overlay\">\n\t\t\t\t\tNo Caption\t\t\t\t<\/div>\n\t\t\t\t\t\t\t\t\t\t<\/div>\n\t\t\t\t\t\t\t\t\t<\/div>\n\t\t\t\t\t\t<\/div>\n\t\t\t\t\t\t<div class='spectra-image-gallery__media-wrapper' data-spectra-gallery-image-id='1862' tabindex=\"0\">\n\t\t\t\t\t\t\t<div class=\"spectra-image-gallery__media spectra-image-gallery__media--grid\">\n\t\t\t\t<picture>\n\t\t\t\t\t<source media=\"(min-width: 1024px)\" srcset=\"https:\/\/andellac.com.mx\/blog\/wp-content\/uploads\/2025\/10\/Junta-Regional-ANDELLAC-MONTERREY-25-5-1024x768.jpeg\">\n\t\t\t\t\t<source media=\"(min-width: 768px)\" srcset=\"https:\/\/andellac.com.mx\/blog\/wp-content\/uploads\/2025\/10\/Junta-Regional-ANDELLAC-MONTERREY-25-5-1024x768.jpeg\">\n\t\t\t\t\t<img decoding=\"async\" class=\"spectra-image-gallery__media-thumbnail spectra-image-gallery__media-thumbnail--grid\" src=\"https:\/\/andellac.com.mx\/blog\/wp-content\/uploads\/2025\/10\/Junta-Regional-ANDELLAC-MONTERREY-25-5-300x225.jpeg\" alt=\"\" loading=\"lazy\" \/>\n\t\t\t\t<\/picture>\n\t\t\t\t<div class=\"spectra-image-gallery__media-thumbnail-blurrer\"><\/div>\n\t\t\t\t\t\t\t\t\t\t\t<div class=\"spectra-image-gallery__media-thumbnail-caption-wrapper spectra-image-gallery__media-thumbnail-caption-wrapper--overlay\">\n\t\t\t\t\t\t\t\t\t\t\t<div class=\"spectra-image-gallery__media-thumbnail-caption spectra-image-gallery__media-thumbnail-caption--overlay\">\n\t\t\t\t\tNo Caption\t\t\t\t<\/div>\n\t\t\t\t\t\t\t\t\t\t<\/div>\n\t\t\t\t\t\t\t\t\t<\/div>\n\t\t\t\t\t\t<\/div>\n\t\t\t\t\t\t<div class='spectra-image-gallery__media-wrapper' data-spectra-gallery-image-id='1863' tabindex=\"0\">\n\t\t\t\t\t\t\t<div class=\"spectra-image-gallery__media spectra-image-gallery__media--grid\">\n\t\t\t\t<picture>\n\t\t\t\t\t<source media=\"(min-width: 1024px)\" srcset=\"https:\/\/andellac.com.mx\/blog\/wp-content\/uploads\/2025\/10\/Junta-Regional-ANDELLAC-MONTERREY-25-6-1024x768.jpeg\">\n\t\t\t\t\t<source media=\"(min-width: 768px)\" srcset=\"https:\/\/andellac.com.mx\/blog\/wp-content\/uploads\/2025\/10\/Junta-Regional-ANDELLAC-MONTERREY-25-6-1024x768.jpeg\">\n\t\t\t\t\t<img decoding=\"async\" class=\"spectra-image-gallery__media-thumbnail spectra-image-gallery__media-thumbnail--grid\" src=\"https:\/\/andellac.com.mx\/blog\/wp-content\/uploads\/2025\/10\/Junta-Regional-ANDELLAC-MONTERREY-25-6-300x225.jpeg\" alt=\"\" loading=\"lazy\" \/>\n\t\t\t\t<\/picture>\n\t\t\t\t<div class=\"spectra-image-gallery__media-thumbnail-blurrer\"><\/div>\n\t\t\t\t\t\t\t\t\t\t\t<div class=\"spectra-image-gallery__media-thumbnail-caption-wrapper spectra-image-gallery__media-thumbnail-caption-wrapper--overlay\">\n\t\t\t\t\t\t\t\t\t\t\t<div class=\"spectra-image-gallery__media-thumbnail-caption spectra-image-gallery__media-thumbnail-caption--overlay\">\n\t\t\t\t\tNo Caption\t\t\t\t<\/div>\n\t\t\t\t\t\t\t\t\t\t<\/div>\n\t\t\t\t\t\t\t\t\t<\/div>\n\t\t\t\t\t\t<\/div>\n\t\t\t\t\t\t<div class='spectra-image-gallery__media-wrapper' data-spectra-gallery-image-id='1865' tabindex=\"0\">\n\t\t\t\t\t\t\t<div class=\"spectra-image-gallery__media spectra-image-gallery__media--grid\">\n\t\t\t\t<picture>\n\t\t\t\t\t<source media=\"(min-width: 1024px)\" srcset=\"https:\/\/andellac.com.mx\/blog\/wp-content\/uploads\/2025\/10\/Junta-Regional-ANDELLAC-MONTERREY-25-8-1024x768.jpeg\">\n\t\t\t\t\t<source media=\"(min-width: 768px)\" srcset=\"https:\/\/andellac.com.mx\/blog\/wp-content\/uploads\/2025\/10\/Junta-Regional-ANDELLAC-MONTERREY-25-8-1024x768.jpeg\">\n\t\t\t\t\t<img decoding=\"async\" class=\"spectra-image-gallery__media-thumbnail spectra-image-gallery__media-thumbnail--grid\" src=\"https:\/\/andellac.com.mx\/blog\/wp-content\/uploads\/2025\/10\/Junta-Regional-ANDELLAC-MONTERREY-25-8-300x225.jpeg\" alt=\"\" loading=\"lazy\" \/>\n\t\t\t\t<\/picture>\n\t\t\t\t<div class=\"spectra-image-gallery__media-thumbnail-blurrer\"><\/div>\n\t\t\t\t\t\t\t\t\t\t\t<div class=\"spectra-image-gallery__media-thumbnail-caption-wrapper spectra-image-gallery__media-thumbnail-caption-wrapper--overlay\">\n\t\t\t\t\t\t\t\t\t\t\t<div class=\"spectra-image-gallery__media-thumbnail-caption spectra-image-gallery__media-thumbnail-caption--overlay\">\n\t\t\t\t\tNo Caption\t\t\t\t<\/div>\n\t\t\t\t\t\t\t\t\t\t<\/div>\n\t\t\t\t\t\t\t\t\t<\/div>\n\t\t\t\t\t\t<\/div>\n\t\t\t\t\t\t<div class='spectra-image-gallery__media-wrapper' data-spectra-gallery-image-id='1868' tabindex=\"0\">\n\t\t\t\t\t\t\t<div class=\"spectra-image-gallery__media spectra-image-gallery__media--grid\">\n\t\t\t\t<picture>\n\t\t\t\t\t<source media=\"(min-width: 1024px)\" srcset=\"https:\/\/andellac.com.mx\/blog\/wp-content\/uploads\/2025\/10\/Junta-Regional-ANDELLAC-MONTERREY-25-11-768x1024.jpeg\">\n\t\t\t\t\t<source media=\"(min-width: 768px)\" srcset=\"https:\/\/andellac.com.mx\/blog\/wp-content\/uploads\/2025\/10\/Junta-Regional-ANDELLAC-MONTERREY-25-11-768x1024.jpeg\">\n\t\t\t\t\t<img decoding=\"async\" class=\"spectra-image-gallery__media-thumbnail spectra-image-gallery__media-thumbnail--grid\" src=\"https:\/\/andellac.com.mx\/blog\/wp-content\/uploads\/2025\/10\/Junta-Regional-ANDELLAC-MONTERREY-25-11-225x300.jpeg\" alt=\"\" loading=\"lazy\" \/>\n\t\t\t\t<\/picture>\n\t\t\t\t<div class=\"spectra-image-gallery__media-thumbnail-blurrer\"><\/div>\n\t\t\t\t\t\t\t\t\t\t\t<div class=\"spectra-image-gallery__media-thumbnail-caption-wrapper spectra-image-gallery__media-thumbnail-caption-wrapper--overlay\">\n\t\t\t\t\t\t\t\t\t\t\t<div class=\"spectra-image-gallery__media-thumbnail-caption spectra-image-gallery__media-thumbnail-caption--overlay\">\n\t\t\t\t\tNo Caption\t\t\t\t<\/div>\n\t\t\t\t\t\t\t\t\t\t<\/div>\n\t\t\t\t\t\t\t\t\t<\/div>\n\t\t\t\t\t\t<\/div>\n\t\t\t\t\t\t<div class='spectra-image-gallery__media-wrapper' data-spectra-gallery-image-id='1870' tabindex=\"0\">\n\t\t\t\t\t\t\t<div class=\"spectra-image-gallery__media spectra-image-gallery__media--grid\">\n\t\t\t\t<picture>\n\t\t\t\t\t<source media=\"(min-width: 1024px)\" srcset=\"https:\/\/andellac.com.mx\/blog\/wp-content\/uploads\/2025\/10\/Junta-Regional-ANDELLAC-MONTERREY-25-13-1024x768.jpeg\">\n\t\t\t\t\t<source media=\"(min-width: 768px)\" srcset=\"https:\/\/andellac.com.mx\/blog\/wp-content\/uploads\/2025\/10\/Junta-Regional-ANDELLAC-MONTERREY-25-13-1024x768.jpeg\">\n\t\t\t\t\t<img decoding=\"async\" class=\"spectra-image-gallery__media-thumbnail spectra-image-gallery__media-thumbnail--grid\" src=\"https:\/\/andellac.com.mx\/blog\/wp-content\/uploads\/2025\/10\/Junta-Regional-ANDELLAC-MONTERREY-25-13-300x225.jpeg\" alt=\"\" loading=\"lazy\" \/>\n\t\t\t\t<\/picture>\n\t\t\t\t<div class=\"spectra-image-gallery__media-thumbnail-blurrer\"><\/div>\n\t\t\t\t\t\t\t\t\t\t\t<div class=\"spectra-image-gallery__media-thumbnail-caption-wrapper spectra-image-gallery__media-thumbnail-caption-wrapper--overlay\">\n\t\t\t\t\t\t\t\t\t\t\t<div class=\"spectra-image-gallery__media-thumbnail-caption spectra-image-gallery__media-thumbnail-caption--overlay\">\n\t\t\t\t\tNo Caption\t\t\t\t<\/div>\n\t\t\t\t\t\t\t\t\t\t<\/div>\n\t\t\t\t\t\t\t\t\t<\/div>\n\t\t\t\t\t\t<\/div>\n\t\t\t\t\t\t<div class='spectra-image-gallery__media-wrapper' data-spectra-gallery-image-id='1871' tabindex=\"0\">\n\t\t\t\t\t\t\t<div class=\"spectra-image-gallery__media spectra-image-gallery__media--grid\">\n\t\t\t\t<picture>\n\t\t\t\t\t<source media=\"(min-width: 1024px)\" srcset=\"https:\/\/andellac.com.mx\/blog\/wp-content\/uploads\/2025\/10\/Junta-Regional-ANDELLAC-MONTERREY-25-14-1024x768.jpeg\">\n\t\t\t\t\t<source media=\"(min-width: 768px)\" srcset=\"https:\/\/andellac.com.mx\/blog\/wp-content\/uploads\/2025\/10\/Junta-Regional-ANDELLAC-MONTERREY-25-14-1024x768.jpeg\">\n\t\t\t\t\t<img decoding=\"async\" class=\"spectra-image-gallery__media-thumbnail spectra-image-gallery__media-thumbnail--grid\" src=\"https:\/\/andellac.com.mx\/blog\/wp-content\/uploads\/2025\/10\/Junta-Regional-ANDELLAC-MONTERREY-25-14-300x225.jpeg\" alt=\"\" loading=\"lazy\" \/>\n\t\t\t\t<\/picture>\n\t\t\t\t<div class=\"spectra-image-gallery__media-thumbnail-blurrer\"><\/div>\n\t\t\t\t\t\t\t\t\t\t\t<div class=\"spectra-image-gallery__media-thumbnail-caption-wrapper spectra-image-gallery__media-thumbnail-caption-wrapper--overlay\">\n\t\t\t\t\t\t\t\t\t\t\t<div class=\"spectra-image-gallery__media-thumbnail-caption spectra-image-gallery__media-thumbnail-caption--overlay\">\n\t\t\t\t\tNo Caption\t\t\t\t<\/div>\n\t\t\t\t\t\t\t\t\t\t<\/div>\n\t\t\t\t\t\t\t\t\t<\/div>\n\t\t\t\t\t\t<\/div>\n\t\t\t\t\t\t<div class='spectra-image-gallery__media-wrapper' data-spectra-gallery-image-id='1872' tabindex=\"0\">\n\t\t\t\t\t\t\t<div class=\"spectra-image-gallery__media spectra-image-gallery__media--grid\">\n\t\t\t\t<picture>\n\t\t\t\t\t<source media=\"(min-width: 1024px)\" srcset=\"https:\/\/andellac.com.mx\/blog\/wp-content\/uploads\/2025\/10\/Junta-Regional-ANDELLAC-MONTERREY-25-15-1024x768.jpeg\">\n\t\t\t\t\t<source media=\"(min-width: 768px)\" srcset=\"https:\/\/andellac.com.mx\/blog\/wp-content\/uploads\/2025\/10\/Junta-Regional-ANDELLAC-MONTERREY-25-15-1024x768.jpeg\">\n\t\t\t\t\t<img decoding=\"async\" class=\"spectra-image-gallery__media-thumbnail spectra-image-gallery__media-thumbnail--grid\" src=\"https:\/\/andellac.com.mx\/blog\/wp-content\/uploads\/2025\/10\/Junta-Regional-ANDELLAC-MONTERREY-25-15-300x225.jpeg\" alt=\"\" loading=\"lazy\" \/>\n\t\t\t\t<\/picture>\n\t\t\t\t<div class=\"spectra-image-gallery__media-thumbnail-blurrer\"><\/div>\n\t\t\t\t\t\t\t\t\t\t\t<div class=\"spectra-image-gallery__media-thumbnail-caption-wrapper spectra-image-gallery__media-thumbnail-caption-wrapper--overlay\">\n\t\t\t\t\t\t\t\t\t\t\t<div class=\"spectra-image-gallery__media-thumbnail-caption spectra-image-gallery__media-thumbnail-caption--overlay\">\n\t\t\t\t\tNo Caption\t\t\t\t<\/div>\n\t\t\t\t\t\t\t\t\t\t<\/div>\n\t\t\t\t\t\t\t\t\t<\/div>\n\t\t\t\t\t\t<\/div>\n\t\t\t\t\t\t<div class='spectra-image-gallery__media-wrapper' data-spectra-gallery-image-id='1874' tabindex=\"0\">\n\t\t\t\t\t\t\t<div class=\"spectra-image-gallery__media spectra-image-gallery__media--grid\">\n\t\t\t\t<picture>\n\t\t\t\t\t<source media=\"(min-width: 1024px)\" srcset=\"https:\/\/andellac.com.mx\/blog\/wp-content\/uploads\/2025\/10\/Junta-Regional-ANDELLAC-MONTERREY-25-17-1024x768.jpeg\">\n\t\t\t\t\t<source media=\"(min-width: 768px)\" srcset=\"https:\/\/andellac.com.mx\/blog\/wp-content\/uploads\/2025\/10\/Junta-Regional-ANDELLAC-MONTERREY-25-17-1024x768.jpeg\">\n\t\t\t\t\t<img decoding=\"async\" class=\"spectra-image-gallery__media-thumbnail spectra-image-gallery__media-thumbnail--grid\" src=\"https:\/\/andellac.com.mx\/blog\/wp-content\/uploads\/2025\/10\/Junta-Regional-ANDELLAC-MONTERREY-25-17-300x225.jpeg\" alt=\"\" loading=\"lazy\" \/>\n\t\t\t\t<\/picture>\n\t\t\t\t<div class=\"spectra-image-gallery__media-thumbnail-blurrer\"><\/div>\n\t\t\t\t\t\t\t\t\t\t\t<div class=\"spectra-image-gallery__media-thumbnail-caption-wrapper spectra-image-gallery__media-thumbnail-caption-wrapper--overlay\">\n\t\t\t\t\t\t\t\t\t\t\t<div class=\"spectra-image-gallery__media-thumbnail-caption spectra-image-gallery__media-thumbnail-caption--overlay\">\n\t\t\t\t\tNo Caption\t\t\t\t<\/div>\n\t\t\t\t\t\t\t\t\t\t<\/div>\n\t\t\t\t\t\t\t\t\t<\/div>\n\t\t\t\t\t\t<\/div>\n\t\t\t\t\t\t<div class='spectra-image-gallery__media-wrapper' data-spectra-gallery-image-id='1873' tabindex=\"0\">\n\t\t\t\t\t\t\t<div class=\"spectra-image-gallery__media spectra-image-gallery__media--grid\">\n\t\t\t\t<picture>\n\t\t\t\t\t<source media=\"(min-width: 1024px)\" srcset=\"https:\/\/andellac.com.mx\/blog\/wp-content\/uploads\/2025\/10\/Junta-Regional-ANDELLAC-MONTERREY-25-16-1024x768.jpeg\">\n\t\t\t\t\t<source media=\"(min-width: 768px)\" srcset=\"https:\/\/andellac.com.mx\/blog\/wp-content\/uploads\/2025\/10\/Junta-Regional-ANDELLAC-MONTERREY-25-16-1024x768.jpeg\">\n\t\t\t\t\t<img decoding=\"async\" class=\"spectra-image-gallery__media-thumbnail spectra-image-gallery__media-thumbnail--grid\" src=\"https:\/\/andellac.com.mx\/blog\/wp-content\/uploads\/2025\/10\/Junta-Regional-ANDELLAC-MONTERREY-25-16-300x225.jpeg\" alt=\"\" loading=\"lazy\" \/>\n\t\t\t\t<\/picture>\n\t\t\t\t<div class=\"spectra-image-gallery__media-thumbnail-blurrer\"><\/div>\n\t\t\t\t\t\t\t\t\t\t\t<div class=\"spectra-image-gallery__media-thumbnail-caption-wrapper spectra-image-gallery__media-thumbnail-caption-wrapper--overlay\">\n\t\t\t\t\t\t\t\t\t\t\t<div class=\"spectra-image-gallery__media-thumbnail-caption spectra-image-gallery__media-thumbnail-caption--overlay\">\n\t\t\t\t\tNo Caption\t\t\t\t<\/div>\n\t\t\t\t\t\t\t\t\t\t<\/div>\n\t\t\t\t\t\t\t\t\t<\/div>\n\t\t\t\t\t\t<\/div>\n\t\t\t\t\t\t<div class='spectra-image-gallery__media-wrapper' data-spectra-gallery-image-id='1875' tabindex=\"0\">\n\t\t\t\t\t\t\t<div class=\"spectra-image-gallery__media spectra-image-gallery__media--grid\">\n\t\t\t\t<picture>\n\t\t\t\t\t<source media=\"(min-width: 1024px)\" srcset=\"https:\/\/andellac.com.mx\/blog\/wp-content\/uploads\/2025\/10\/Junta-Regional-ANDELLAC-MONTERREY-25-18-1024x768.jpeg\">\n\t\t\t\t\t<source media=\"(min-width: 768px)\" srcset=\"https:\/\/andellac.com.mx\/blog\/wp-content\/uploads\/2025\/10\/Junta-Regional-ANDELLAC-MONTERREY-25-18-1024x768.jpeg\">\n\t\t\t\t\t<img decoding=\"async\" class=\"spectra-image-gallery__media-thumbnail spectra-image-gallery__media-thumbnail--grid\" src=\"https:\/\/andellac.com.mx\/blog\/wp-content\/uploads\/2025\/10\/Junta-Regional-ANDELLAC-MONTERREY-25-18-300x225.jpeg\" alt=\"\" loading=\"lazy\" \/>\n\t\t\t\t<\/picture>\n\t\t\t\t<div class=\"spectra-image-gallery__media-thumbnail-blurrer\"><\/div>\n\t\t\t\t\t\t\t\t\t\t\t<div class=\"spectra-image-gallery__media-thumbnail-caption-wrapper spectra-image-gallery__media-thumbnail-caption-wrapper--overlay\">\n\t\t\t\t\t\t\t\t\t\t\t<div class=\"spectra-image-gallery__media-thumbnail-caption spectra-image-gallery__media-thumbnail-caption--overlay\">\n\t\t\t\t\tNo Caption\t\t\t\t<\/div>\n\t\t\t\t\t\t\t\t\t\t<\/div>\n\t\t\t\t\t\t\t\t\t<\/div>\n\t\t\t\t\t\t<\/div>\n\t\t\t\t\t\t<div class='spectra-image-gallery__media-wrapper' data-spectra-gallery-image-id='1878' tabindex=\"0\">\n\t\t\t\t\t\t\t<div class=\"spectra-image-gallery__media spectra-image-gallery__media--grid\">\n\t\t\t\t<picture>\n\t\t\t\t\t<source media=\"(min-width: 1024px)\" srcset=\"https:\/\/andellac.com.mx\/blog\/wp-content\/uploads\/2025\/10\/Junta-Regional-ANDELLAC-MONTERREY-25-21-1024x768.jpeg\">\n\t\t\t\t\t<source media=\"(min-width: 768px)\" srcset=\"https:\/\/andellac.com.mx\/blog\/wp-content\/uploads\/2025\/10\/Junta-Regional-ANDELLAC-MONTERREY-25-21-1024x768.jpeg\">\n\t\t\t\t\t<img decoding=\"async\" class=\"spectra-image-gallery__media-thumbnail spectra-image-gallery__media-thumbnail--grid\" src=\"https:\/\/andellac.com.mx\/blog\/wp-content\/uploads\/2025\/10\/Junta-Regional-ANDELLAC-MONTERREY-25-21-300x225.jpeg\" alt=\"\" loading=\"lazy\" \/>\n\t\t\t\t<\/picture>\n\t\t\t\t<div class=\"spectra-image-gallery__media-thumbnail-blurrer\"><\/div>\n\t\t\t\t\t\t\t\t\t\t\t<div class=\"spectra-image-gallery__media-thumbnail-caption-wrapper spectra-image-gallery__media-thumbnail-caption-wrapper--overlay\">\n\t\t\t\t\t\t\t\t\t\t\t<div class=\"spectra-image-gallery__media-thumbnail-caption spectra-image-gallery__media-thumbnail-caption--overlay\">\n\t\t\t\t\tNo Caption\t\t\t\t<\/div>\n\t\t\t\t\t\t\t\t\t\t<\/div>\n\t\t\t\t\t\t\t\t\t<\/div>\n\t\t\t\t\t\t<\/div>\n\t\t\t\t\t\t<div class='spectra-image-gallery__media-wrapper' data-spectra-gallery-image-id='1879' tabindex=\"0\">\n\t\t\t\t\t\t\t<div class=\"spectra-image-gallery__media spectra-image-gallery__media--grid\">\n\t\t\t\t<picture>\n\t\t\t\t\t<source media=\"(min-width: 1024px)\" srcset=\"https:\/\/andellac.com.mx\/blog\/wp-content\/uploads\/2025\/10\/Junta-Regional-ANDELLAC-MONTERREY-25-22-1024x768.jpeg\">\n\t\t\t\t\t<source media=\"(min-width: 768px)\" srcset=\"https:\/\/andellac.com.mx\/blog\/wp-content\/uploads\/2025\/10\/Junta-Regional-ANDELLAC-MONTERREY-25-22-1024x768.jpeg\">\n\t\t\t\t\t<img decoding=\"async\" class=\"spectra-image-gallery__media-thumbnail spectra-image-gallery__media-thumbnail--grid\" src=\"https:\/\/andellac.com.mx\/blog\/wp-content\/uploads\/2025\/10\/Junta-Regional-ANDELLAC-MONTERREY-25-22-300x225.jpeg\" alt=\"\" loading=\"lazy\" \/>\n\t\t\t\t<\/picture>\n\t\t\t\t<div class=\"spectra-image-gallery__media-thumbnail-blurrer\"><\/div>\n\t\t\t\t\t\t\t\t\t\t\t<div class=\"spectra-image-gallery__media-thumbnail-caption-wrapper spectra-image-gallery__media-thumbnail-caption-wrapper--overlay\">\n\t\t\t\t\t\t\t\t\t\t\t<div class=\"spectra-image-gallery__media-thumbnail-caption spectra-image-gallery__media-thumbnail-caption--overlay\">\n\t\t\t\t\tNo Caption\t\t\t\t<\/div>\n\t\t\t\t\t\t\t\t\t\t<\/div>\n\t\t\t\t\t\t\t\t\t<\/div>\n\t\t\t\t\t\t<\/div>\n\t\t\t\t\t\t\t\t\t\t<\/div>\n\t\t\t\t\t\t\t\t\t\t\t\t\t\t\t\t\t\t<\/div>\n\t\t\t\t\t\t\t\t\t\n\n\n<p><\/p>\n\n\n\n<h2 class=\"wp-block-heading\">Ecos de la Junta Regional ANDELLAC en Monterrey<\/h2>\n\n\n\n<p>La m\u00e1s reciente <strong>Junta Regional ANDELLAC en Monterrey<\/strong> trascendi\u00f3 m\u00e1s all\u00e1 de ser una reuni\u00f3n de actualizaci\u00f3n: fue un <strong>punto de conexi\u00f3n<\/strong> donde los empresarios llanteros compartieron experiencias, ideas y proyectos para enfrentar los retos de la industria.<\/p>\n\n\n\n<p>Los <strong>testimoniales de los asistentes<\/strong> reflejan algo en com\u00fan: la convicci\u00f3n de que <strong>la fuerza del gremio radica en la uni\u00f3n y en la capacitaci\u00f3n constante<\/strong>. Cada palabra de los participantes resalta la importancia de contar con espacios que fomenten el <strong>networking, la colaboraci\u00f3n y la innovaci\u00f3n<\/strong> que impulsa ANDELLAC.<\/p>\n\n\n\n<p>Esta edici\u00f3n en Monterrey dej\u00f3 claro que el sector llantero est\u00e1 decidido a seguir avanzando. <strong>El entusiasmo por crecer juntos, la confianza en la asociaci\u00f3n y el reconocimiento al trabajo colectivo<\/strong> son se\u00f1ales claras de que la industria se fortalece con cada encuentro.<\/p>\n\n\n\n<figure class=\"wp-block-embed is-type-video is-provider-youtube wp-block-embed-youtube wp-embed-aspect-16-9 wp-has-aspect-ratio\"><div class=\"wp-block-embed__wrapper\">\n<iframe title=\"ANDELLAC | Testimoniales Junta Regional Monterrey\" width=\"500\" height=\"281\" src=\"https:\/\/www.youtube.com\/embed\/VoG-6mMbHbw?feature=oembed\" frameborder=\"0\" allow=\"accelerometer; autoplay; clipboard-write; encrypted-media; gyroscope; picture-in-picture; web-share\" referrerpolicy=\"strict-origin-when-cross-origin\" allowfullscreen><\/iframe>\n<\/div><\/figure>\n\n\n\n<p><\/p>\n","protected":false},"excerpt":{"rendered":"<p>El pasado 25 de septiembre de 2025, el Hotel Galer\u00eda Plaza Monterrey fue sede de la Junta Regional ANDELLAC, donde distribuidores de llantas y empresas proveedoras de la regi\u00f3n norte se dieron cita para dialogar sobre el futuro de la industria llantera y reforzar los lazos de colaboraci\u00f3n que caracterizan al gremio. Estas juntas regionales [&hellip;]<\/p>\n","protected":false},"author":2,"featured_media":1873,"comment_status":"closed","ping_status":"open","sticky":false,"template":"","format":"aside","meta":{"_uag_custom_page_level_css":"","site-sidebar-layout":"default","site-content-layout":"","ast-site-content-layout":"","site-content-style":"default","site-sidebar-style":"default","ast-global-header-display":"","ast-banner-title-visibility":"","ast-main-header-display":"","ast-hfb-above-header-display":"","ast-hfb-below-header-display":"","ast-hfb-mobile-header-display":"","site-post-title":"","ast-breadcrumbs-content":"","ast-featured-img":"disabled","footer-sml-layout":"","ast-disable-related-posts":"","theme-transparent-header-meta":"","adv-header-id-meta":"","stick-header-meta":"","header-above-stick-meta":"","header-main-stick-meta":"","header-below-stick-meta":"","astra-migrate-meta-layouts":"default","ast-page-background-enabled":"default","ast-page-background-meta":{"desktop":{"background-color":"var(--ast-global-color-4)","background-image":"","background-repeat":"repeat","background-position":"center center","background-size":"auto","background-attachment":"scroll","background-type":"","background-media":"","overlay-type":"","overlay-color":"","overlay-opacity":"","overlay-gradient":""},"tablet":{"background-color":"","background-image":"","background-repeat":"repeat","background-position":"center center","background-size":"auto","background-attachment":"scroll","background-type":"","background-media":"","overlay-type":"","overlay-color":"","overlay-opacity":"","overlay-gradient":""},"mobile":{"background-color":"","background-image":"","background-repeat":"repeat","background-position":"center center","background-size":"auto","background-attachment":"scroll","background-type":"","background-media":"","overlay-type":"","overlay-color":"","overlay-opacity":"","overlay-gradient":""}},"ast-content-background-meta":{"desktop":{"background-color":"var(--ast-global-color-5)","background-image":"","background-repeat":"repeat","background-position":"center center","background-size":"auto","background-attachment":"scroll","background-type":"","background-media":"","overlay-type":"","overlay-color":"","overlay-opacity":"","overlay-gradient":""},"tablet":{"background-color":"var(--ast-global-color-5)","background-image":"","background-repeat":"repeat","background-position":"center center","background-size":"auto","background-attachment":"scroll","background-type":"","background-media":"","overlay-type":"","overlay-color":"","overlay-opacity":"","overlay-gradient":""},"mobile":{"background-color":"var(--ast-global-color-5)","background-image":"","background-repeat":"repeat","background-position":"center center","background-size":"auto","background-attachment":"scroll","background-type":"","background-media":"","overlay-type":"","overlay-color":"","overlay-opacity":"","overlay-gradient":""}},"_jetpack_memberships_contains_paid_content":false,"footnotes":""},"categories":[243],"tags":[18,12,14,225,42],"class_list":["post-1857","post","type-post","status-publish","format-aside","has-post-thumbnail","hentry","category-andellac-en-accion","tag-andellac","tag-distribuidores-de-llantas","tag-gremio-llantero","tag-juntas-regionales","tag-plantas-renovadoras","post_format-post-format-aside"],"yoast_head":"<!-- This site is optimized with the Yoast SEO plugin v27.3 - https:\/\/yoast.com\/product\/yoast-seo-wordpress\/ -->\n<title>Monterrey recibi\u00f3 la Junta Regional ANDELLAC con enfoque en innovaci\u00f3n, cooperaci\u00f3n y fortalecimiento del gremio llantero -<\/title>\n<meta name=\"robots\" content=\"index, follow, max-snippet:-1, max-image-preview:large, max-video-preview:-1\" \/>\n<link rel=\"canonical\" href=\"https:\/\/andellac.com.mx\/blog\/monterrey-recibio-la-junta-regional-andellac-con-enfoque-en-innovacion-cooperacion-y-fortalecimiento-del-gremio-llantero\/\" \/>\n<meta property=\"og:locale\" content=\"es_MX\" \/>\n<meta property=\"og:type\" content=\"article\" \/>\n<meta property=\"og:title\" content=\"Monterrey recibi\u00f3 la Junta Regional ANDELLAC con enfoque en innovaci\u00f3n, cooperaci\u00f3n y fortalecimiento del gremio llantero -\" \/>\n<meta property=\"og:description\" content=\"El pasado 25 de septiembre de 2025, el Hotel Galer\u00eda Plaza Monterrey fue sede de la Junta Regional ANDELLAC, donde distribuidores de llantas y empresas proveedoras de la regi\u00f3n norte se dieron cita para dialogar sobre el futuro de la industria llantera y reforzar los lazos de colaboraci\u00f3n que caracterizan al gremio. Estas juntas regionales [&hellip;]\" \/>\n<meta property=\"og:url\" content=\"https:\/\/andellac.com.mx\/blog\/monterrey-recibio-la-junta-regional-andellac-con-enfoque-en-innovacion-cooperacion-y-fortalecimiento-del-gremio-llantero\/\" \/>\n<meta property=\"article:published_time\" content=\"2025-10-01T23:59:06+00:00\" \/>\n<meta property=\"article:modified_time\" content=\"2026-04-08T23:14:20+00:00\" \/>\n<meta property=\"og:image\" content=\"https:\/\/andellac.com.mx\/blog\/wp-content\/uploads\/2025\/10\/Junta-Regional-ANDELLAC-MONTERREY-25-16.jpeg\" \/>\n\t<meta property=\"og:image:width\" content=\"1280\" \/>\n\t<meta property=\"og:image:height\" content=\"960\" \/>\n\t<meta property=\"og:image:type\" content=\"image\/jpeg\" \/>\n<meta name=\"author\" content=\"ANDELLAC\" \/>\n<meta name=\"twitter:card\" content=\"summary_large_image\" \/>\n<meta name=\"twitter:label1\" content=\"Escrito por\" \/>\n\t<meta name=\"twitter:data1\" content=\"ANDELLAC\" \/>\n\t<meta name=\"twitter:label2\" content=\"Tiempo de lectura\" \/>\n\t<meta name=\"twitter:data2\" content=\"3 minutos\" \/>\n<script type=\"application\/ld+json\" class=\"yoast-schema-graph\">{\"@context\":\"https:\\\/\\\/schema.org\",\"@graph\":[{\"@type\":\"Article\",\"@id\":\"https:\\\/\\\/andellac.com.mx\\\/blog\\\/monterrey-recibio-la-junta-regional-andellac-con-enfoque-en-innovacion-cooperacion-y-fortalecimiento-del-gremio-llantero\\\/#article\",\"isPartOf\":{\"@id\":\"https:\\\/\\\/andellac.com.mx\\\/blog\\\/monterrey-recibio-la-junta-regional-andellac-con-enfoque-en-innovacion-cooperacion-y-fortalecimiento-del-gremio-llantero\\\/\"},\"author\":{\"name\":\"ANDELLAC\",\"@id\":\"https:\\\/\\\/andellac.com.mx\\\/blog\\\/#\\\/schema\\\/person\\\/a7df3ae636a0904bf928b51245241b0a\"},\"headline\":\"Monterrey recibi\u00f3 la Junta Regional ANDELLAC con enfoque en innovaci\u00f3n, cooperaci\u00f3n y fortalecimiento del gremio llantero\",\"datePublished\":\"2025-10-01T23:59:06+00:00\",\"dateModified\":\"2026-04-08T23:14:20+00:00\",\"mainEntityOfPage\":{\"@id\":\"https:\\\/\\\/andellac.com.mx\\\/blog\\\/monterrey-recibio-la-junta-regional-andellac-con-enfoque-en-innovacion-cooperacion-y-fortalecimiento-del-gremio-llantero\\\/\"},\"wordCount\":588,\"image\":{\"@id\":\"https:\\\/\\\/andellac.com.mx\\\/blog\\\/monterrey-recibio-la-junta-regional-andellac-con-enfoque-en-innovacion-cooperacion-y-fortalecimiento-del-gremio-llantero\\\/#primaryimage\"},\"thumbnailUrl\":\"https:\\\/\\\/andellac.com.mx\\\/blog\\\/wp-content\\\/uploads\\\/2025\\\/10\\\/Junta-Regional-ANDELLAC-MONTERREY-25-16.jpeg\",\"keywords\":[\"ANDELLAC\",\"Distribuidores de Llantas\",\"Gremio Llantero\",\"Juntas Regionales\",\"Plantas Renovadoras\"],\"articleSection\":[\"ANDELLAC en Acci\u00f3n\"],\"inLanguage\":\"es\"},{\"@type\":\"WebPage\",\"@id\":\"https:\\\/\\\/andellac.com.mx\\\/blog\\\/monterrey-recibio-la-junta-regional-andellac-con-enfoque-en-innovacion-cooperacion-y-fortalecimiento-del-gremio-llantero\\\/\",\"url\":\"https:\\\/\\\/andellac.com.mx\\\/blog\\\/monterrey-recibio-la-junta-regional-andellac-con-enfoque-en-innovacion-cooperacion-y-fortalecimiento-del-gremio-llantero\\\/\",\"name\":\"Monterrey recibi\u00f3 la Junta Regional ANDELLAC con enfoque en innovaci\u00f3n, cooperaci\u00f3n y fortalecimiento del gremio llantero -\",\"isPartOf\":{\"@id\":\"https:\\\/\\\/andellac.com.mx\\\/blog\\\/#website\"},\"primaryImageOfPage\":{\"@id\":\"https:\\\/\\\/andellac.com.mx\\\/blog\\\/monterrey-recibio-la-junta-regional-andellac-con-enfoque-en-innovacion-cooperacion-y-fortalecimiento-del-gremio-llantero\\\/#primaryimage\"},\"image\":{\"@id\":\"https:\\\/\\\/andellac.com.mx\\\/blog\\\/monterrey-recibio-la-junta-regional-andellac-con-enfoque-en-innovacion-cooperacion-y-fortalecimiento-del-gremio-llantero\\\/#primaryimage\"},\"thumbnailUrl\":\"https:\\\/\\\/andellac.com.mx\\\/blog\\\/wp-content\\\/uploads\\\/2025\\\/10\\\/Junta-Regional-ANDELLAC-MONTERREY-25-16.jpeg\",\"datePublished\":\"2025-10-01T23:59:06+00:00\",\"dateModified\":\"2026-04-08T23:14:20+00:00\",\"author\":{\"@id\":\"https:\\\/\\\/andellac.com.mx\\\/blog\\\/#\\\/schema\\\/person\\\/a7df3ae636a0904bf928b51245241b0a\"},\"breadcrumb\":{\"@id\":\"https:\\\/\\\/andellac.com.mx\\\/blog\\\/monterrey-recibio-la-junta-regional-andellac-con-enfoque-en-innovacion-cooperacion-y-fortalecimiento-del-gremio-llantero\\\/#breadcrumb\"},\"inLanguage\":\"es\",\"potentialAction\":[{\"@type\":\"ReadAction\",\"target\":[\"https:\\\/\\\/andellac.com.mx\\\/blog\\\/monterrey-recibio-la-junta-regional-andellac-con-enfoque-en-innovacion-cooperacion-y-fortalecimiento-del-gremio-llantero\\\/\"]}]},{\"@type\":\"ImageObject\",\"inLanguage\":\"es\",\"@id\":\"https:\\\/\\\/andellac.com.mx\\\/blog\\\/monterrey-recibio-la-junta-regional-andellac-con-enfoque-en-innovacion-cooperacion-y-fortalecimiento-del-gremio-llantero\\\/#primaryimage\",\"url\":\"https:\\\/\\\/andellac.com.mx\\\/blog\\\/wp-content\\\/uploads\\\/2025\\\/10\\\/Junta-Regional-ANDELLAC-MONTERREY-25-16.jpeg\",\"contentUrl\":\"https:\\\/\\\/andellac.com.mx\\\/blog\\\/wp-content\\\/uploads\\\/2025\\\/10\\\/Junta-Regional-ANDELLAC-MONTERREY-25-16.jpeg\",\"width\":1280,\"height\":960},{\"@type\":\"BreadcrumbList\",\"@id\":\"https:\\\/\\\/andellac.com.mx\\\/blog\\\/monterrey-recibio-la-junta-regional-andellac-con-enfoque-en-innovacion-cooperacion-y-fortalecimiento-del-gremio-llantero\\\/#breadcrumb\",\"itemListElement\":[{\"@type\":\"ListItem\",\"position\":1,\"name\":\"Inicio\",\"item\":\"https:\\\/\\\/andellac.com.mx\\\/blog\\\/\"},{\"@type\":\"ListItem\",\"position\":2,\"name\":\"Monterrey recibi\u00f3 la Junta Regional ANDELLAC con enfoque en innovaci\u00f3n, cooperaci\u00f3n y fortalecimiento del gremio llantero\"}]},{\"@type\":\"WebSite\",\"@id\":\"https:\\\/\\\/andellac.com.mx\\\/blog\\\/#website\",\"url\":\"https:\\\/\\\/andellac.com.mx\\\/blog\\\/\",\"name\":\"\",\"description\":\"Encuentra las noticias del Gremio Llantero, del Sector Automotriz y contenido para hacer crecer tu negocio..\",\"potentialAction\":[{\"@type\":\"SearchAction\",\"target\":{\"@type\":\"EntryPoint\",\"urlTemplate\":\"https:\\\/\\\/andellac.com.mx\\\/blog\\\/?s={search_term_string}\"},\"query-input\":{\"@type\":\"PropertyValueSpecification\",\"valueRequired\":true,\"valueName\":\"search_term_string\"}}],\"inLanguage\":\"es\"},{\"@type\":\"Person\",\"@id\":\"https:\\\/\\\/andellac.com.mx\\\/blog\\\/#\\\/schema\\\/person\\\/a7df3ae636a0904bf928b51245241b0a\",\"name\":\"ANDELLAC\",\"image\":{\"@type\":\"ImageObject\",\"inLanguage\":\"es\",\"@id\":\"https:\\\/\\\/secure.gravatar.com\\\/avatar\\\/7fbf781ead2fd971563a7be3251e9385215a56dd2eb57ad1a786ccb27379657f?s=96&d=mm&r=g\",\"url\":\"https:\\\/\\\/secure.gravatar.com\\\/avatar\\\/7fbf781ead2fd971563a7be3251e9385215a56dd2eb57ad1a786ccb27379657f?s=96&d=mm&r=g\",\"contentUrl\":\"https:\\\/\\\/secure.gravatar.com\\\/avatar\\\/7fbf781ead2fd971563a7be3251e9385215a56dd2eb57ad1a786ccb27379657f?s=96&d=mm&r=g\",\"caption\":\"ANDELLAC\"},\"url\":\"https:\\\/\\\/andellac.com.mx\\\/blog\\\/author\\\/ileana\\\/\"}]}<\/script>\n<!-- \/ Yoast SEO plugin. -->","yoast_head_json":{"title":"Monterrey recibi\u00f3 la Junta Regional ANDELLAC con enfoque en innovaci\u00f3n, cooperaci\u00f3n y fortalecimiento del gremio llantero -","robots":{"index":"index","follow":"follow","max-snippet":"max-snippet:-1","max-image-preview":"max-image-preview:large","max-video-preview":"max-video-preview:-1"},"canonical":"https:\/\/andellac.com.mx\/blog\/monterrey-recibio-la-junta-regional-andellac-con-enfoque-en-innovacion-cooperacion-y-fortalecimiento-del-gremio-llantero\/","og_locale":"es_MX","og_type":"article","og_title":"Monterrey recibi\u00f3 la Junta Regional ANDELLAC con enfoque en innovaci\u00f3n, cooperaci\u00f3n y fortalecimiento del gremio llantero -","og_description":"El pasado 25 de septiembre de 2025, el Hotel Galer\u00eda Plaza Monterrey fue sede de la Junta Regional ANDELLAC, donde distribuidores de llantas y empresas proveedoras de la regi\u00f3n norte se dieron cita para dialogar sobre el futuro de la industria llantera y reforzar los lazos de colaboraci\u00f3n que caracterizan al gremio. Estas juntas regionales [&hellip;]","og_url":"https:\/\/andellac.com.mx\/blog\/monterrey-recibio-la-junta-regional-andellac-con-enfoque-en-innovacion-cooperacion-y-fortalecimiento-del-gremio-llantero\/","article_published_time":"2025-10-01T23:59:06+00:00","article_modified_time":"2026-04-08T23:14:20+00:00","og_image":[{"width":1280,"height":960,"url":"https:\/\/andellac.com.mx\/blog\/wp-content\/uploads\/2025\/10\/Junta-Regional-ANDELLAC-MONTERREY-25-16.jpeg","type":"image\/jpeg"}],"author":"ANDELLAC","twitter_card":"summary_large_image","twitter_misc":{"Escrito por":"ANDELLAC","Tiempo de lectura":"3 minutos"},"schema":{"@context":"https:\/\/schema.org","@graph":[{"@type":"Article","@id":"https:\/\/andellac.com.mx\/blog\/monterrey-recibio-la-junta-regional-andellac-con-enfoque-en-innovacion-cooperacion-y-fortalecimiento-del-gremio-llantero\/#article","isPartOf":{"@id":"https:\/\/andellac.com.mx\/blog\/monterrey-recibio-la-junta-regional-andellac-con-enfoque-en-innovacion-cooperacion-y-fortalecimiento-del-gremio-llantero\/"},"author":{"name":"ANDELLAC","@id":"https:\/\/andellac.com.mx\/blog\/#\/schema\/person\/a7df3ae636a0904bf928b51245241b0a"},"headline":"Monterrey recibi\u00f3 la Junta Regional ANDELLAC con enfoque en innovaci\u00f3n, cooperaci\u00f3n y fortalecimiento del gremio llantero","datePublished":"2025-10-01T23:59:06+00:00","dateModified":"2026-04-08T23:14:20+00:00","mainEntityOfPage":{"@id":"https:\/\/andellac.com.mx\/blog\/monterrey-recibio-la-junta-regional-andellac-con-enfoque-en-innovacion-cooperacion-y-fortalecimiento-del-gremio-llantero\/"},"wordCount":588,"image":{"@id":"https:\/\/andellac.com.mx\/blog\/monterrey-recibio-la-junta-regional-andellac-con-enfoque-en-innovacion-cooperacion-y-fortalecimiento-del-gremio-llantero\/#primaryimage"},"thumbnailUrl":"https:\/\/andellac.com.mx\/blog\/wp-content\/uploads\/2025\/10\/Junta-Regional-ANDELLAC-MONTERREY-25-16.jpeg","keywords":["ANDELLAC","Distribuidores de Llantas","Gremio Llantero","Juntas Regionales","Plantas Renovadoras"],"articleSection":["ANDELLAC en Acci\u00f3n"],"inLanguage":"es"},{"@type":"WebPage","@id":"https:\/\/andellac.com.mx\/blog\/monterrey-recibio-la-junta-regional-andellac-con-enfoque-en-innovacion-cooperacion-y-fortalecimiento-del-gremio-llantero\/","url":"https:\/\/andellac.com.mx\/blog\/monterrey-recibio-la-junta-regional-andellac-con-enfoque-en-innovacion-cooperacion-y-fortalecimiento-del-gremio-llantero\/","name":"Monterrey recibi\u00f3 la Junta Regional ANDELLAC con enfoque en innovaci\u00f3n, cooperaci\u00f3n y fortalecimiento del gremio llantero -","isPartOf":{"@id":"https:\/\/andellac.com.mx\/blog\/#website"},"primaryImageOfPage":{"@id":"https:\/\/andellac.com.mx\/blog\/monterrey-recibio-la-junta-regional-andellac-con-enfoque-en-innovacion-cooperacion-y-fortalecimiento-del-gremio-llantero\/#primaryimage"},"image":{"@id":"https:\/\/andellac.com.mx\/blog\/monterrey-recibio-la-junta-regional-andellac-con-enfoque-en-innovacion-cooperacion-y-fortalecimiento-del-gremio-llantero\/#primaryimage"},"thumbnailUrl":"https:\/\/andellac.com.mx\/blog\/wp-content\/uploads\/2025\/10\/Junta-Regional-ANDELLAC-MONTERREY-25-16.jpeg","datePublished":"2025-10-01T23:59:06+00:00","dateModified":"2026-04-08T23:14:20+00:00","author":{"@id":"https:\/\/andellac.com.mx\/blog\/#\/schema\/person\/a7df3ae636a0904bf928b51245241b0a"},"breadcrumb":{"@id":"https:\/\/andellac.com.mx\/blog\/monterrey-recibio-la-junta-regional-andellac-con-enfoque-en-innovacion-cooperacion-y-fortalecimiento-del-gremio-llantero\/#breadcrumb"},"inLanguage":"es","potentialAction":[{"@type":"ReadAction","target":["https:\/\/andellac.com.mx\/blog\/monterrey-recibio-la-junta-regional-andellac-con-enfoque-en-innovacion-cooperacion-y-fortalecimiento-del-gremio-llantero\/"]}]},{"@type":"ImageObject","inLanguage":"es","@id":"https:\/\/andellac.com.mx\/blog\/monterrey-recibio-la-junta-regional-andellac-con-enfoque-en-innovacion-cooperacion-y-fortalecimiento-del-gremio-llantero\/#primaryimage","url":"https:\/\/andellac.com.mx\/blog\/wp-content\/uploads\/2025\/10\/Junta-Regional-ANDELLAC-MONTERREY-25-16.jpeg","contentUrl":"https:\/\/andellac.com.mx\/blog\/wp-content\/uploads\/2025\/10\/Junta-Regional-ANDELLAC-MONTERREY-25-16.jpeg","width":1280,"height":960},{"@type":"BreadcrumbList","@id":"https:\/\/andellac.com.mx\/blog\/monterrey-recibio-la-junta-regional-andellac-con-enfoque-en-innovacion-cooperacion-y-fortalecimiento-del-gremio-llantero\/#breadcrumb","itemListElement":[{"@type":"ListItem","position":1,"name":"Inicio","item":"https:\/\/andellac.com.mx\/blog\/"},{"@type":"ListItem","position":2,"name":"Monterrey recibi\u00f3 la Junta Regional ANDELLAC con enfoque en innovaci\u00f3n, cooperaci\u00f3n y fortalecimiento del gremio llantero"}]},{"@type":"WebSite","@id":"https:\/\/andellac.com.mx\/blog\/#website","url":"https:\/\/andellac.com.mx\/blog\/","name":"","description":"Encuentra las noticias del Gremio Llantero, del Sector Automotriz y contenido para hacer crecer tu negocio..","potentialAction":[{"@type":"SearchAction","target":{"@type":"EntryPoint","urlTemplate":"https:\/\/andellac.com.mx\/blog\/?s={search_term_string}"},"query-input":{"@type":"PropertyValueSpecification","valueRequired":true,"valueName":"search_term_string"}}],"inLanguage":"es"},{"@type":"Person","@id":"https:\/\/andellac.com.mx\/blog\/#\/schema\/person\/a7df3ae636a0904bf928b51245241b0a","name":"ANDELLAC","image":{"@type":"ImageObject","inLanguage":"es","@id":"https:\/\/secure.gravatar.com\/avatar\/7fbf781ead2fd971563a7be3251e9385215a56dd2eb57ad1a786ccb27379657f?s=96&d=mm&r=g","url":"https:\/\/secure.gravatar.com\/avatar\/7fbf781ead2fd971563a7be3251e9385215a56dd2eb57ad1a786ccb27379657f?s=96&d=mm&r=g","contentUrl":"https:\/\/secure.gravatar.com\/avatar\/7fbf781ead2fd971563a7be3251e9385215a56dd2eb57ad1a786ccb27379657f?s=96&d=mm&r=g","caption":"ANDELLAC"},"url":"https:\/\/andellac.com.mx\/blog\/author\/ileana\/"}]}},"jetpack_featured_media_url":"https:\/\/andellac.com.mx\/blog\/wp-content\/uploads\/2025\/10\/Junta-Regional-ANDELLAC-MONTERREY-25-16.jpeg","uagb_featured_image_src":{"full":["https:\/\/andellac.com.mx\/blog\/wp-content\/uploads\/2025\/10\/Junta-Regional-ANDELLAC-MONTERREY-25-16.jpeg",1280,960,false],"thumbnail":["https:\/\/andellac.com.mx\/blog\/wp-content\/uploads\/2025\/10\/Junta-Regional-ANDELLAC-MONTERREY-25-16-150x150.jpeg",150,150,true],"medium":["https:\/\/andellac.com.mx\/blog\/wp-content\/uploads\/2025\/10\/Junta-Regional-ANDELLAC-MONTERREY-25-16-300x225.jpeg",300,225,true],"medium_large":["https:\/\/andellac.com.mx\/blog\/wp-content\/uploads\/2025\/10\/Junta-Regional-ANDELLAC-MONTERREY-25-16-768x576.jpeg",768,576,true],"large":["https:\/\/andellac.com.mx\/blog\/wp-content\/uploads\/2025\/10\/Junta-Regional-ANDELLAC-MONTERREY-25-16-1024x768.jpeg",1024,768,true],"1536x1536":["https:\/\/andellac.com.mx\/blog\/wp-content\/uploads\/2025\/10\/Junta-Regional-ANDELLAC-MONTERREY-25-16.jpeg",1280,960,false],"2048x2048":["https:\/\/andellac.com.mx\/blog\/wp-content\/uploads\/2025\/10\/Junta-Regional-ANDELLAC-MONTERREY-25-16.jpeg",1280,960,false]},"uagb_author_info":{"display_name":"ANDELLAC","author_link":"https:\/\/andellac.com.mx\/blog\/author\/ileana\/"},"uagb_comment_info":0,"uagb_excerpt":"El pasado 25 de septiembre de 2025, el Hotel Galer\u00eda Plaza Monterrey fue sede de la Junta Regional ANDELLAC, donde distribuidores de llantas y empresas proveedoras de la regi\u00f3n norte se dieron cita para dialogar sobre el futuro de la industria llantera y reforzar los lazos de colaboraci\u00f3n que caracterizan al gremio. Estas juntas regionales&hellip;","jetpack_sharing_enabled":true,"rttpg_featured_image_url":{"full":["https:\/\/andellac.com.mx\/blog\/wp-content\/uploads\/2025\/10\/Junta-Regional-ANDELLAC-MONTERREY-25-16.jpeg",1280,960,false],"landscape":["https:\/\/andellac.com.mx\/blog\/wp-content\/uploads\/2025\/10\/Junta-Regional-ANDELLAC-MONTERREY-25-16.jpeg",1280,960,false],"portraits":["https:\/\/andellac.com.mx\/blog\/wp-content\/uploads\/2025\/10\/Junta-Regional-ANDELLAC-MONTERREY-25-16.jpeg",1280,960,false],"thumbnail":["https:\/\/andellac.com.mx\/blog\/wp-content\/uploads\/2025\/10\/Junta-Regional-ANDELLAC-MONTERREY-25-16-150x150.jpeg",150,150,true],"medium":["https:\/\/andellac.com.mx\/blog\/wp-content\/uploads\/2025\/10\/Junta-Regional-ANDELLAC-MONTERREY-25-16-300x225.jpeg",300,225,true],"large":["https:\/\/andellac.com.mx\/blog\/wp-content\/uploads\/2025\/10\/Junta-Regional-ANDELLAC-MONTERREY-25-16-1024x768.jpeg",1024,768,true],"1536x1536":["https:\/\/andellac.com.mx\/blog\/wp-content\/uploads\/2025\/10\/Junta-Regional-ANDELLAC-MONTERREY-25-16.jpeg",1280,960,false],"2048x2048":["https:\/\/andellac.com.mx\/blog\/wp-content\/uploads\/2025\/10\/Junta-Regional-ANDELLAC-MONTERREY-25-16.jpeg",1280,960,false]},"rttpg_author":{"display_name":"ANDELLAC","author_link":"https:\/\/andellac.com.mx\/blog\/author\/ileana\/"},"rttpg_comment":0,"rttpg_category":"<a href=\"https:\/\/andellac.com.mx\/blog\/category\/andellac-en-accion\/\" rel=\"category tag\">ANDELLAC en Acci\u00f3n<\/a>","rttpg_excerpt":"El pasado 25 de septiembre de 2025, el Hotel Galer\u00eda Plaza Monterrey fue sede de la Junta Regional ANDELLAC, donde distribuidores de llantas y empresas proveedoras de la regi\u00f3n norte se dieron cita para dialogar sobre el futuro de la industria llantera y reforzar los lazos de colaboraci\u00f3n que caracterizan al gremio. Estas juntas regionales&hellip;","_links":{"self":[{"href":"https:\/\/andellac.com.mx\/blog\/wp-json\/wp\/v2\/posts\/1857","targetHints":{"allow":["GET"]}}],"collection":[{"href":"https:\/\/andellac.com.mx\/blog\/wp-json\/wp\/v2\/posts"}],"about":[{"href":"https:\/\/andellac.com.mx\/blog\/wp-json\/wp\/v2\/types\/post"}],"author":[{"embeddable":true,"href":"https:\/\/andellac.com.mx\/blog\/wp-json\/wp\/v2\/users\/2"}],"replies":[{"embeddable":true,"href":"https:\/\/andellac.com.mx\/blog\/wp-json\/wp\/v2\/comments?post=1857"}],"version-history":[{"count":1,"href":"https:\/\/andellac.com.mx\/blog\/wp-json\/wp\/v2\/posts\/1857\/revisions"}],"predecessor-version":[{"id":1881,"href":"https:\/\/andellac.com.mx\/blog\/wp-json\/wp\/v2\/posts\/1857\/revisions\/1881"}],"wp:featuredmedia":[{"embeddable":true,"href":"https:\/\/andellac.com.mx\/blog\/wp-json\/wp\/v2\/media\/1873"}],"wp:attachment":[{"href":"https:\/\/andellac.com.mx\/blog\/wp-json\/wp\/v2\/media?parent=1857"}],"wp:term":[{"taxonomy":"category","embeddable":true,"href":"https:\/\/andellac.com.mx\/blog\/wp-json\/wp\/v2\/categories?post=1857"},{"taxonomy":"post_tag","embeddable":true,"href":"https:\/\/andellac.com.mx\/blog\/wp-json\/wp\/v2\/tags?post=1857"}],"curies":[{"name":"wp","href":"https:\/\/api.w.org\/{rel}","templated":true}]}}