{"id":1621,"date":"2025-03-07T17:43:33","date_gmt":"2025-03-07T23:43:33","guid":{"rendered":"https:\/\/andellac.com.mx\/blog\/?p=1621"},"modified":"2026-04-08T17:20:28","modified_gmt":"2026-04-08T23:20:28","slug":"andellac-presente-en-el-panel-evolucion-de-las-necesidades-de-los-talleres-durante-el-congreso-mexicano-de-repuestos-automotrices","status":"publish","type":"post","link":"https:\/\/andellac.com.mx\/blog\/andellac-presente-en-el-panel-evolucion-de-las-necesidades-de-los-talleres-durante-el-congreso-mexicano-de-repuestos-automotrices\/","title":{"rendered":"ANDELLAC presente en el panel &#8220;Evoluci\u00f3n de las necesidades de los talleres&#8221; durante el Congreso Mexicano de Repuestos Automotrices"},"content":{"rendered":"\t\t<div data-elementor-type=\"wp-post\" data-elementor-id=\"1621\" class=\"elementor elementor-1621\" data-elementor-post-type=\"post\">\n\t\t\t\t<div class=\"elementor-element elementor-element-198a0e45 e-flex e-con-boxed e-con e-parent\" data-id=\"198a0e45\" data-element_type=\"container\" data-e-type=\"container\">\n\t\t\t\t\t<div class=\"e-con-inner\">\n\t\t\t\t<div class=\"elementor-element elementor-element-2bf9cec6 elementor-widget elementor-widget-text-editor\" data-id=\"2bf9cec6\" data-element_type=\"widget\" data-e-type=\"widget\" data-widget_type=\"text-editor.default\">\n\t\t\t\t<div class=\"elementor-widget-container\">\n\t\t\t\t\t\t\t\t\t<p style=\"text-align: justify;\">Naucalpan, Estado de M\u00e9xico a 7 de marzo \u2013 En el marco del Congreso Mexicano de Repuestos Automotrices, evento que re\u00fane a los principales actores del sector automotriz, el C.P. Enrique Acosta y Arce, Presidente de la Asociaci\u00f3n Nacional de Distribuidores de Llantas y Plantas Renovadoras, A.C. (ANDELLAC), particip\u00f3 en el panel titulado <em>\u201cEvoluci\u00f3n de las necesidades de los talleres\u201d<\/em>.<\/p>\n<p style=\"text-align: justify;\">Durante la mesa de discusi\u00f3n, el C.P. Enrique Acosta y Arce comparti\u00f3 su visi\u00f3n sobre los retos y oportunidades que enfrentan los talleres mec\u00e1nicos y centros de servicios llanteros ante la evoluci\u00f3n del mercado. Destac\u00f3 la importancia de la capacitaci\u00f3n constante, la adopci\u00f3n de nuevas tecnolog\u00edas y la optimizaci\u00f3n de procesos como elementos clave para mantenerse competitivos en la industria.<\/p>\n<!-- \/wp:paragraph --><!-- wp:paragraph -->\n<p style=\"text-align: justify;\">Junto a \u00e9l, participaron destacados l\u00edderes del sector, como Rudi Esquivel, Presidente de la Confederaci\u00f3n Nacional de Talleres, CNT; Carlos Guillermo S\u00e1nchez L\u00f3pez, Presidente de la Asociaci\u00f3n de Rectificadores y Reconstructores Automotrices A.C., ARRA; y Antonio L\u00f3pez D\u00edaz, Director General de MLD Online. Cada uno de ellos aport\u00f3 su perspectiva sobre las tendencias que est\u00e1n transformando la operaci\u00f3n y el servicio en los talleres automotrices en M\u00e9xico y la importancia que tienen los<\/p>\n<p style=\"text-align: justify;\">Enrique Acosta remarc\u00f3 que la informaci\u00f3n y tecnolog\u00eda est\u00e1 presente y mencion\u00f3 que las instalaciones de los distribuidores de llantas cumplen holgadamente con las necesidades que requiere un taller mec\u00e1nico y confirm\u00f3 que es importante garantizar la capacitaci\u00f3n del t\u00e9cnico, perder el miedo a los equipos de diagn\u00f3sticos y que los fabricantes de estos equipos deben de dar asesor\u00eda. De esta manera la credibilidad del taller ante el cliente ser\u00e1 positiva y lograr\u00e1 una buena imagen y confianza.<\/p>\n<!-- \/wp:paragraph -->\n<p style=\"text-align: justify;\">Durante el espacio hablaron de la <strong>evoluci\u00f3n y de la adaptaci\u00f3n<\/strong>. La evoluci\u00f3n que los centros de servicios llanteros van hacer dentro de las instalaciones para que se adapten a las nuevas tecnolog\u00edas y puedan reparar los veh\u00edculos.<\/p>\n<p style=\"text-align: justify;\">El evento se convirti\u00f3 en un espacio de intercambio de conocimientos y experiencias entre los representantes de la industria, subrayando la importancia de la colaboraci\u00f3n entre las diferentes organizaciones para enfrentar los desaf\u00edos actuales y futuros. La participaci\u00f3n de ANDELLAC en este tipo de foros refuerza su liderazgo en la promoci\u00f3n del desarrollo del sector llantero en M\u00e9xico.<\/p>\n<!-- \/wp:paragraph -->\n<p style=\"text-align: justify;\">La participaci\u00f3n de ANDELLAC en este foro reafirma su compromiso con el crecimiento y profesionalizaci\u00f3n del sector llantero en el pa\u00eds.<\/p>\n<!-- \/wp:paragraph --><!-- wp:paragraph -->\n<p>\u00a0<\/p>\n<!-- \/wp:paragraph --><!-- wp:paragraph -->\n<p>\u00a0<\/p>\n<!-- \/wp:paragraph --><!-- wp:jetpack\/tiled-gallery {\"columns\":1,\"columnWidths\":[[\"60.06944\",\"39.93056\"]],\"ids\":[1622,1623,1624]} -->\n<div class=\"wp-block-jetpack-tiled-gallery aligncenter is-style-rectangular\">\n<div class=\"\">\n<div class=\"tiled-gallery__gallery\">\n<div class=\"tiled-gallery__row\">\n<div class=\"tiled-gallery__col\" style=\"flex-basis: 60.06944%;\">\n<figure class=\"tiled-gallery__item\"><img decoding=\"async\" tabindex=\"0\" role=\"button\" src=\"https:\/\/i0.wp.com\/andellac.com.mx\/blog\/wp-content\/uploads\/2025\/03\/Presidentes-de-Asociaciones-768x1024.jpeg?ssl=1\" alt=\"\" data-height=\"2560\" data-id=\"1622\" data-link=\"https:\/\/andellac.com.mx\/blog\/?attachment_id=1622\" data-url=\"https:\/\/andellac.com.mx\/blog\/wp-content\/uploads\/2025\/03\/Presidentes-de-Asociaciones-768x1024.jpeg\" data-width=\"1920\" data-amp-layout=\"responsive\" aria-label=\"Open image 1 of 3 in full-screen\" \/><\/figure>\n<\/div>\n<div class=\"tiled-gallery__col\" style=\"flex-basis: 39.93056%;\">\n<figure class=\"tiled-gallery__item\"><img decoding=\"async\" tabindex=\"0\" role=\"button\" src=\"https:\/\/i0.wp.com\/andellac.com.mx\/blog\/wp-content\/uploads\/2025\/03\/Evolucion-de-las-necesidades-de-los-talleres-1024x546.jpg?ssl=1\" alt=\"\" data-height=\"1283\" data-id=\"1623\" data-link=\"https:\/\/andellac.com.mx\/blog\/?attachment_id=1623\" data-url=\"https:\/\/andellac.com.mx\/blog\/wp-content\/uploads\/2025\/03\/Evolucion-de-las-necesidades-de-los-talleres-1024x546.jpg\" data-width=\"2408\" data-amp-layout=\"responsive\" aria-label=\"Open image 2 of 3 in full-screen\" \/><\/figure>\n<figure class=\"tiled-gallery__item\"><img decoding=\"async\" tabindex=\"0\" role=\"button\" src=\"https:\/\/i0.wp.com\/andellac.com.mx\/blog\/wp-content\/uploads\/2025\/03\/WhatsApp-Image-2025-03-07-at-4.52.50-PM-1-1024x768.jpeg?ssl=1\" alt=\"\" data-height=\"960\" data-id=\"1624\" data-link=\"https:\/\/andellac.com.mx\/blog\/?attachment_id=1624\" data-url=\"https:\/\/andellac.com.mx\/blog\/wp-content\/uploads\/2025\/03\/WhatsApp-Image-2025-03-07-at-4.52.50-PM-1-1024x768.jpeg\" data-width=\"1280\" data-amp-layout=\"responsive\" aria-label=\"Open image 3 of 3 in full-screen\" \/><\/figure>\n<\/div>\n<\/div>\n<\/div>\n<\/div>\n<\/div>\n<!-- \/wp:jetpack\/tiled-gallery -->\t\t\t\t\t\t\t\t<\/div>\n\t\t\t\t<\/div>\n\t\t\t\t\t<\/div>\n\t\t\t\t<\/div>\n\t\t\t\t<\/div>\n\t\t","protected":false},"excerpt":{"rendered":"<p>Naucalpan, Estado de M\u00e9xico a 7 de marzo \u2013 En el marco del Congreso Mexicano de Repuestos Automotrices, evento que re\u00fane a los principales actores del sector automotriz, el C.P. Enrique Acosta y Arce, Presidente de la Asociaci\u00f3n Nacional de Distribuidores de Llantas y Plantas Renovadoras, A.C. (ANDELLAC), particip\u00f3 en el panel titulado \u201cEvoluci\u00f3n de [&hellip;]<\/p>\n","protected":false},"author":2,"featured_media":1623,"comment_status":"closed","ping_status":"open","sticky":false,"template":"","format":"aside","meta":{"_uag_custom_page_level_css":"","site-sidebar-layout":"default","site-content-layout":"","ast-site-content-layout":"","site-content-style":"default","site-sidebar-style":"default","ast-global-header-display":"","ast-banner-title-visibility":"","ast-main-header-display":"","ast-hfb-above-header-display":"","ast-hfb-below-header-display":"","ast-hfb-mobile-header-display":"","site-post-title":"","ast-breadcrumbs-content":"","ast-featured-img":"disabled","footer-sml-layout":"","ast-disable-related-posts":"","theme-transparent-header-meta":"","adv-header-id-meta":"","stick-header-meta":"","header-above-stick-meta":"","header-main-stick-meta":"","header-below-stick-meta":"","astra-migrate-meta-layouts":"default","ast-page-background-enabled":"default","ast-page-background-meta":{"desktop":{"background-color":"var(--ast-global-color-4)","background-image":"","background-repeat":"repeat","background-position":"center center","background-size":"auto","background-attachment":"scroll","background-type":"","background-media":"","overlay-type":"","overlay-color":"","overlay-opacity":"","overlay-gradient":""},"tablet":{"background-color":"","background-image":"","background-repeat":"repeat","background-position":"center center","background-size":"auto","background-attachment":"scroll","background-type":"","background-media":"","overlay-type":"","overlay-color":"","overlay-opacity":"","overlay-gradient":""},"mobile":{"background-color":"","background-image":"","background-repeat":"repeat","background-position":"center center","background-size":"auto","background-attachment":"scroll","background-type":"","background-media":"","overlay-type":"","overlay-color":"","overlay-opacity":"","overlay-gradient":""}},"ast-content-background-meta":{"desktop":{"background-color":"var(--ast-global-color-5)","background-image":"","background-repeat":"repeat","background-position":"center center","background-size":"auto","background-attachment":"scroll","background-type":"","background-media":"","overlay-type":"","overlay-color":"","overlay-opacity":"","overlay-gradient":""},"tablet":{"background-color":"var(--ast-global-color-5)","background-image":"","background-repeat":"repeat","background-position":"center center","background-size":"auto","background-attachment":"scroll","background-type":"","background-media":"","overlay-type":"","overlay-color":"","overlay-opacity":"","overlay-gradient":""},"mobile":{"background-color":"var(--ast-global-color-5)","background-image":"","background-repeat":"repeat","background-position":"center center","background-size":"auto","background-attachment":"scroll","background-type":"","background-media":"","overlay-type":"","overlay-color":"","overlay-opacity":"","overlay-gradient":""}},"_jetpack_memberships_contains_paid_content":false,"footnotes":""},"categories":[243,10],"tags":[],"class_list":["post-1621","post","type-post","status-publish","format-aside","has-post-thumbnail","hentry","category-andellac-en-accion","category-noticias-del-gremio-llantero","post_format-post-format-aside"],"yoast_head":"<!-- This site is optimized with the Yoast SEO plugin v27.5 - https:\/\/yoast.com\/product\/yoast-seo-wordpress\/ -->\n<title>ANDELLAC presente en el panel &quot;Evoluci\u00f3n de las necesidades de los talleres&quot; durante el Congreso Mexicano de Repuestos Automotrices -<\/title>\n<meta name=\"robots\" content=\"index, follow, max-snippet:-1, max-image-preview:large, max-video-preview:-1\" \/>\n<link rel=\"canonical\" href=\"https:\/\/andellac.com.mx\/blog\/andellac-presente-en-el-panel-evolucion-de-las-necesidades-de-los-talleres-durante-el-congreso-mexicano-de-repuestos-automotrices\/\" \/>\n<meta property=\"og:locale\" content=\"es_MX\" \/>\n<meta property=\"og:type\" content=\"article\" \/>\n<meta property=\"og:title\" content=\"ANDELLAC presente en el panel &quot;Evoluci\u00f3n de las necesidades de los talleres&quot; durante el Congreso Mexicano de Repuestos Automotrices -\" \/>\n<meta property=\"og:description\" content=\"Naucalpan, Estado de M\u00e9xico a 7 de marzo \u2013 En el marco del Congreso Mexicano de Repuestos Automotrices, evento que re\u00fane a los principales actores del sector automotriz, el C.P. Enrique Acosta y Arce, Presidente de la Asociaci\u00f3n Nacional de Distribuidores de Llantas y Plantas Renovadoras, A.C. (ANDELLAC), particip\u00f3 en el panel titulado \u201cEvoluci\u00f3n de [&hellip;]\" \/>\n<meta property=\"og:url\" content=\"https:\/\/andellac.com.mx\/blog\/andellac-presente-en-el-panel-evolucion-de-las-necesidades-de-los-talleres-durante-el-congreso-mexicano-de-repuestos-automotrices\/\" \/>\n<meta property=\"article:published_time\" content=\"2025-03-07T23:43:33+00:00\" \/>\n<meta property=\"article:modified_time\" content=\"2026-04-08T23:20:28+00:00\" \/>\n<meta property=\"og:image\" content=\"https:\/\/andellac.com.mx\/blog\/wp-content\/uploads\/2025\/03\/Evolucion-de-las-necesidades-de-los-talleres.jpg\" \/>\n\t<meta property=\"og:image:width\" content=\"2408\" \/>\n\t<meta property=\"og:image:height\" content=\"1283\" \/>\n\t<meta property=\"og:image:type\" content=\"image\/jpeg\" \/>\n<meta name=\"author\" content=\"ANDELLAC\" \/>\n<meta name=\"twitter:card\" content=\"summary_large_image\" \/>\n<meta name=\"twitter:label1\" content=\"Escrito por\" \/>\n\t<meta name=\"twitter:data1\" content=\"ANDELLAC\" \/>\n\t<meta name=\"twitter:label2\" content=\"Tiempo de lectura\" \/>\n\t<meta name=\"twitter:data2\" content=\"3 minutos\" \/>\n<script type=\"application\/ld+json\" class=\"yoast-schema-graph\">{\"@context\":\"https:\\\/\\\/schema.org\",\"@graph\":[{\"@type\":\"Article\",\"@id\":\"https:\\\/\\\/andellac.com.mx\\\/blog\\\/andellac-presente-en-el-panel-evolucion-de-las-necesidades-de-los-talleres-durante-el-congreso-mexicano-de-repuestos-automotrices\\\/#article\",\"isPartOf\":{\"@id\":\"https:\\\/\\\/andellac.com.mx\\\/blog\\\/andellac-presente-en-el-panel-evolucion-de-las-necesidades-de-los-talleres-durante-el-congreso-mexicano-de-repuestos-automotrices\\\/\"},\"author\":{\"name\":\"ANDELLAC\",\"@id\":\"https:\\\/\\\/andellac.com.mx\\\/blog\\\/#\\\/schema\\\/person\\\/a7df3ae636a0904bf928b51245241b0a\"},\"headline\":\"ANDELLAC presente en el panel &#8220;Evoluci\u00f3n de las necesidades de los talleres&#8221; durante el Congreso Mexicano de Repuestos Automotrices\",\"datePublished\":\"2025-03-07T23:43:33+00:00\",\"dateModified\":\"2026-04-08T23:20:28+00:00\",\"mainEntityOfPage\":{\"@id\":\"https:\\\/\\\/andellac.com.mx\\\/blog\\\/andellac-presente-en-el-panel-evolucion-de-las-necesidades-de-los-talleres-durante-el-congreso-mexicano-de-repuestos-automotrices\\\/\"},\"wordCount\":452,\"image\":{\"@id\":\"https:\\\/\\\/andellac.com.mx\\\/blog\\\/andellac-presente-en-el-panel-evolucion-de-las-necesidades-de-los-talleres-durante-el-congreso-mexicano-de-repuestos-automotrices\\\/#primaryimage\"},\"thumbnailUrl\":\"https:\\\/\\\/andellac.com.mx\\\/blog\\\/wp-content\\\/uploads\\\/2025\\\/03\\\/Evolucion-de-las-necesidades-de-los-talleres.jpg\",\"articleSection\":[\"ANDELLAC en Acci\u00f3n\",\"Noticias del Gremio Llantero\"],\"inLanguage\":\"es\"},{\"@type\":\"WebPage\",\"@id\":\"https:\\\/\\\/andellac.com.mx\\\/blog\\\/andellac-presente-en-el-panel-evolucion-de-las-necesidades-de-los-talleres-durante-el-congreso-mexicano-de-repuestos-automotrices\\\/\",\"url\":\"https:\\\/\\\/andellac.com.mx\\\/blog\\\/andellac-presente-en-el-panel-evolucion-de-las-necesidades-de-los-talleres-durante-el-congreso-mexicano-de-repuestos-automotrices\\\/\",\"name\":\"ANDELLAC presente en el panel \\\"Evoluci\u00f3n de las necesidades de los talleres\\\" durante el Congreso Mexicano de Repuestos Automotrices -\",\"isPartOf\":{\"@id\":\"https:\\\/\\\/andellac.com.mx\\\/blog\\\/#website\"},\"primaryImageOfPage\":{\"@id\":\"https:\\\/\\\/andellac.com.mx\\\/blog\\\/andellac-presente-en-el-panel-evolucion-de-las-necesidades-de-los-talleres-durante-el-congreso-mexicano-de-repuestos-automotrices\\\/#primaryimage\"},\"image\":{\"@id\":\"https:\\\/\\\/andellac.com.mx\\\/blog\\\/andellac-presente-en-el-panel-evolucion-de-las-necesidades-de-los-talleres-durante-el-congreso-mexicano-de-repuestos-automotrices\\\/#primaryimage\"},\"thumbnailUrl\":\"https:\\\/\\\/andellac.com.mx\\\/blog\\\/wp-content\\\/uploads\\\/2025\\\/03\\\/Evolucion-de-las-necesidades-de-los-talleres.jpg\",\"datePublished\":\"2025-03-07T23:43:33+00:00\",\"dateModified\":\"2026-04-08T23:20:28+00:00\",\"author\":{\"@id\":\"https:\\\/\\\/andellac.com.mx\\\/blog\\\/#\\\/schema\\\/person\\\/a7df3ae636a0904bf928b51245241b0a\"},\"breadcrumb\":{\"@id\":\"https:\\\/\\\/andellac.com.mx\\\/blog\\\/andellac-presente-en-el-panel-evolucion-de-las-necesidades-de-los-talleres-durante-el-congreso-mexicano-de-repuestos-automotrices\\\/#breadcrumb\"},\"inLanguage\":\"es\",\"potentialAction\":[{\"@type\":\"ReadAction\",\"target\":[\"https:\\\/\\\/andellac.com.mx\\\/blog\\\/andellac-presente-en-el-panel-evolucion-de-las-necesidades-de-los-talleres-durante-el-congreso-mexicano-de-repuestos-automotrices\\\/\"]}]},{\"@type\":\"ImageObject\",\"inLanguage\":\"es\",\"@id\":\"https:\\\/\\\/andellac.com.mx\\\/blog\\\/andellac-presente-en-el-panel-evolucion-de-las-necesidades-de-los-talleres-durante-el-congreso-mexicano-de-repuestos-automotrices\\\/#primaryimage\",\"url\":\"https:\\\/\\\/andellac.com.mx\\\/blog\\\/wp-content\\\/uploads\\\/2025\\\/03\\\/Evolucion-de-las-necesidades-de-los-talleres.jpg\",\"contentUrl\":\"https:\\\/\\\/andellac.com.mx\\\/blog\\\/wp-content\\\/uploads\\\/2025\\\/03\\\/Evolucion-de-las-necesidades-de-los-talleres.jpg\",\"width\":2408,\"height\":1283},{\"@type\":\"BreadcrumbList\",\"@id\":\"https:\\\/\\\/andellac.com.mx\\\/blog\\\/andellac-presente-en-el-panel-evolucion-de-las-necesidades-de-los-talleres-durante-el-congreso-mexicano-de-repuestos-automotrices\\\/#breadcrumb\",\"itemListElement\":[{\"@type\":\"ListItem\",\"position\":1,\"name\":\"Inicio\",\"item\":\"https:\\\/\\\/andellac.com.mx\\\/blog\\\/\"},{\"@type\":\"ListItem\",\"position\":2,\"name\":\"ANDELLAC presente en el panel &#8220;Evoluci\u00f3n de las necesidades de los talleres&#8221; durante el Congreso Mexicano de Repuestos Automotrices\"}]},{\"@type\":\"WebSite\",\"@id\":\"https:\\\/\\\/andellac.com.mx\\\/blog\\\/#website\",\"url\":\"https:\\\/\\\/andellac.com.mx\\\/blog\\\/\",\"name\":\"\",\"description\":\"Encuentra las noticias del Gremio Llantero, del Sector Automotriz y contenido para hacer crecer tu negocio..\",\"potentialAction\":[{\"@type\":\"SearchAction\",\"target\":{\"@type\":\"EntryPoint\",\"urlTemplate\":\"https:\\\/\\\/andellac.com.mx\\\/blog\\\/?s={search_term_string}\"},\"query-input\":{\"@type\":\"PropertyValueSpecification\",\"valueRequired\":true,\"valueName\":\"search_term_string\"}}],\"inLanguage\":\"es\"},{\"@type\":\"Person\",\"@id\":\"https:\\\/\\\/andellac.com.mx\\\/blog\\\/#\\\/schema\\\/person\\\/a7df3ae636a0904bf928b51245241b0a\",\"name\":\"ANDELLAC\",\"image\":{\"@type\":\"ImageObject\",\"inLanguage\":\"es\",\"@id\":\"https:\\\/\\\/secure.gravatar.com\\\/avatar\\\/7fbf781ead2fd971563a7be3251e9385215a56dd2eb57ad1a786ccb27379657f?s=96&d=mm&r=g\",\"url\":\"https:\\\/\\\/secure.gravatar.com\\\/avatar\\\/7fbf781ead2fd971563a7be3251e9385215a56dd2eb57ad1a786ccb27379657f?s=96&d=mm&r=g\",\"contentUrl\":\"https:\\\/\\\/secure.gravatar.com\\\/avatar\\\/7fbf781ead2fd971563a7be3251e9385215a56dd2eb57ad1a786ccb27379657f?s=96&d=mm&r=g\",\"caption\":\"ANDELLAC\"},\"url\":\"https:\\\/\\\/andellac.com.mx\\\/blog\\\/author\\\/ileana\\\/\"}]}<\/script>\n<!-- \/ Yoast SEO plugin. -->","yoast_head_json":{"title":"ANDELLAC presente en el panel \"Evoluci\u00f3n de las necesidades de los talleres\" durante el Congreso Mexicano de Repuestos Automotrices -","robots":{"index":"index","follow":"follow","max-snippet":"max-snippet:-1","max-image-preview":"max-image-preview:large","max-video-preview":"max-video-preview:-1"},"canonical":"https:\/\/andellac.com.mx\/blog\/andellac-presente-en-el-panel-evolucion-de-las-necesidades-de-los-talleres-durante-el-congreso-mexicano-de-repuestos-automotrices\/","og_locale":"es_MX","og_type":"article","og_title":"ANDELLAC presente en el panel \"Evoluci\u00f3n de las necesidades de los talleres\" durante el Congreso Mexicano de Repuestos Automotrices -","og_description":"Naucalpan, Estado de M\u00e9xico a 7 de marzo \u2013 En el marco del Congreso Mexicano de Repuestos Automotrices, evento que re\u00fane a los principales actores del sector automotriz, el C.P. Enrique Acosta y Arce, Presidente de la Asociaci\u00f3n Nacional de Distribuidores de Llantas y Plantas Renovadoras, A.C. (ANDELLAC), particip\u00f3 en el panel titulado \u201cEvoluci\u00f3n de [&hellip;]","og_url":"https:\/\/andellac.com.mx\/blog\/andellac-presente-en-el-panel-evolucion-de-las-necesidades-de-los-talleres-durante-el-congreso-mexicano-de-repuestos-automotrices\/","article_published_time":"2025-03-07T23:43:33+00:00","article_modified_time":"2026-04-08T23:20:28+00:00","og_image":[{"width":2408,"height":1283,"url":"https:\/\/andellac.com.mx\/blog\/wp-content\/uploads\/2025\/03\/Evolucion-de-las-necesidades-de-los-talleres.jpg","type":"image\/jpeg"}],"author":"ANDELLAC","twitter_card":"summary_large_image","twitter_misc":{"Escrito por":"ANDELLAC","Tiempo de lectura":"3 minutos"},"schema":{"@context":"https:\/\/schema.org","@graph":[{"@type":"Article","@id":"https:\/\/andellac.com.mx\/blog\/andellac-presente-en-el-panel-evolucion-de-las-necesidades-de-los-talleres-durante-el-congreso-mexicano-de-repuestos-automotrices\/#article","isPartOf":{"@id":"https:\/\/andellac.com.mx\/blog\/andellac-presente-en-el-panel-evolucion-de-las-necesidades-de-los-talleres-durante-el-congreso-mexicano-de-repuestos-automotrices\/"},"author":{"name":"ANDELLAC","@id":"https:\/\/andellac.com.mx\/blog\/#\/schema\/person\/a7df3ae636a0904bf928b51245241b0a"},"headline":"ANDELLAC presente en el panel &#8220;Evoluci\u00f3n de las necesidades de los talleres&#8221; durante el Congreso Mexicano de Repuestos Automotrices","datePublished":"2025-03-07T23:43:33+00:00","dateModified":"2026-04-08T23:20:28+00:00","mainEntityOfPage":{"@id":"https:\/\/andellac.com.mx\/blog\/andellac-presente-en-el-panel-evolucion-de-las-necesidades-de-los-talleres-durante-el-congreso-mexicano-de-repuestos-automotrices\/"},"wordCount":452,"image":{"@id":"https:\/\/andellac.com.mx\/blog\/andellac-presente-en-el-panel-evolucion-de-las-necesidades-de-los-talleres-durante-el-congreso-mexicano-de-repuestos-automotrices\/#primaryimage"},"thumbnailUrl":"https:\/\/andellac.com.mx\/blog\/wp-content\/uploads\/2025\/03\/Evolucion-de-las-necesidades-de-los-talleres.jpg","articleSection":["ANDELLAC en Acci\u00f3n","Noticias del Gremio Llantero"],"inLanguage":"es"},{"@type":"WebPage","@id":"https:\/\/andellac.com.mx\/blog\/andellac-presente-en-el-panel-evolucion-de-las-necesidades-de-los-talleres-durante-el-congreso-mexicano-de-repuestos-automotrices\/","url":"https:\/\/andellac.com.mx\/blog\/andellac-presente-en-el-panel-evolucion-de-las-necesidades-de-los-talleres-durante-el-congreso-mexicano-de-repuestos-automotrices\/","name":"ANDELLAC presente en el panel \"Evoluci\u00f3n de las necesidades de los talleres\" durante el Congreso Mexicano de Repuestos Automotrices -","isPartOf":{"@id":"https:\/\/andellac.com.mx\/blog\/#website"},"primaryImageOfPage":{"@id":"https:\/\/andellac.com.mx\/blog\/andellac-presente-en-el-panel-evolucion-de-las-necesidades-de-los-talleres-durante-el-congreso-mexicano-de-repuestos-automotrices\/#primaryimage"},"image":{"@id":"https:\/\/andellac.com.mx\/blog\/andellac-presente-en-el-panel-evolucion-de-las-necesidades-de-los-talleres-durante-el-congreso-mexicano-de-repuestos-automotrices\/#primaryimage"},"thumbnailUrl":"https:\/\/andellac.com.mx\/blog\/wp-content\/uploads\/2025\/03\/Evolucion-de-las-necesidades-de-los-talleres.jpg","datePublished":"2025-03-07T23:43:33+00:00","dateModified":"2026-04-08T23:20:28+00:00","author":{"@id":"https:\/\/andellac.com.mx\/blog\/#\/schema\/person\/a7df3ae636a0904bf928b51245241b0a"},"breadcrumb":{"@id":"https:\/\/andellac.com.mx\/blog\/andellac-presente-en-el-panel-evolucion-de-las-necesidades-de-los-talleres-durante-el-congreso-mexicano-de-repuestos-automotrices\/#breadcrumb"},"inLanguage":"es","potentialAction":[{"@type":"ReadAction","target":["https:\/\/andellac.com.mx\/blog\/andellac-presente-en-el-panel-evolucion-de-las-necesidades-de-los-talleres-durante-el-congreso-mexicano-de-repuestos-automotrices\/"]}]},{"@type":"ImageObject","inLanguage":"es","@id":"https:\/\/andellac.com.mx\/blog\/andellac-presente-en-el-panel-evolucion-de-las-necesidades-de-los-talleres-durante-el-congreso-mexicano-de-repuestos-automotrices\/#primaryimage","url":"https:\/\/andellac.com.mx\/blog\/wp-content\/uploads\/2025\/03\/Evolucion-de-las-necesidades-de-los-talleres.jpg","contentUrl":"https:\/\/andellac.com.mx\/blog\/wp-content\/uploads\/2025\/03\/Evolucion-de-las-necesidades-de-los-talleres.jpg","width":2408,"height":1283},{"@type":"BreadcrumbList","@id":"https:\/\/andellac.com.mx\/blog\/andellac-presente-en-el-panel-evolucion-de-las-necesidades-de-los-talleres-durante-el-congreso-mexicano-de-repuestos-automotrices\/#breadcrumb","itemListElement":[{"@type":"ListItem","position":1,"name":"Inicio","item":"https:\/\/andellac.com.mx\/blog\/"},{"@type":"ListItem","position":2,"name":"ANDELLAC presente en el panel &#8220;Evoluci\u00f3n de las necesidades de los talleres&#8221; durante el Congreso Mexicano de Repuestos Automotrices"}]},{"@type":"WebSite","@id":"https:\/\/andellac.com.mx\/blog\/#website","url":"https:\/\/andellac.com.mx\/blog\/","name":"","description":"Encuentra las noticias del Gremio Llantero, del Sector Automotriz y contenido para hacer crecer tu negocio..","potentialAction":[{"@type":"SearchAction","target":{"@type":"EntryPoint","urlTemplate":"https:\/\/andellac.com.mx\/blog\/?s={search_term_string}"},"query-input":{"@type":"PropertyValueSpecification","valueRequired":true,"valueName":"search_term_string"}}],"inLanguage":"es"},{"@type":"Person","@id":"https:\/\/andellac.com.mx\/blog\/#\/schema\/person\/a7df3ae636a0904bf928b51245241b0a","name":"ANDELLAC","image":{"@type":"ImageObject","inLanguage":"es","@id":"https:\/\/secure.gravatar.com\/avatar\/7fbf781ead2fd971563a7be3251e9385215a56dd2eb57ad1a786ccb27379657f?s=96&d=mm&r=g","url":"https:\/\/secure.gravatar.com\/avatar\/7fbf781ead2fd971563a7be3251e9385215a56dd2eb57ad1a786ccb27379657f?s=96&d=mm&r=g","contentUrl":"https:\/\/secure.gravatar.com\/avatar\/7fbf781ead2fd971563a7be3251e9385215a56dd2eb57ad1a786ccb27379657f?s=96&d=mm&r=g","caption":"ANDELLAC"},"url":"https:\/\/andellac.com.mx\/blog\/author\/ileana\/"}]}},"jetpack_featured_media_url":"https:\/\/andellac.com.mx\/blog\/wp-content\/uploads\/2025\/03\/Evolucion-de-las-necesidades-de-los-talleres.jpg","uagb_featured_image_src":{"full":["https:\/\/andellac.com.mx\/blog\/wp-content\/uploads\/2025\/03\/Evolucion-de-las-necesidades-de-los-talleres.jpg",2408,1283,false],"thumbnail":["https:\/\/andellac.com.mx\/blog\/wp-content\/uploads\/2025\/03\/Evolucion-de-las-necesidades-de-los-talleres-150x150.jpg",150,150,true],"medium":["https:\/\/andellac.com.mx\/blog\/wp-content\/uploads\/2025\/03\/Evolucion-de-las-necesidades-de-los-talleres-300x160.jpg",300,160,true],"medium_large":["https:\/\/andellac.com.mx\/blog\/wp-content\/uploads\/2025\/03\/Evolucion-de-las-necesidades-de-los-talleres-768x409.jpg",768,409,true],"large":["https:\/\/andellac.com.mx\/blog\/wp-content\/uploads\/2025\/03\/Evolucion-de-las-necesidades-de-los-talleres-1024x546.jpg",1024,546,true],"1536x1536":["https:\/\/andellac.com.mx\/blog\/wp-content\/uploads\/2025\/03\/Evolucion-de-las-necesidades-de-los-talleres-1536x818.jpg",1536,818,true],"2048x2048":["https:\/\/andellac.com.mx\/blog\/wp-content\/uploads\/2025\/03\/Evolucion-de-las-necesidades-de-los-talleres-2048x1091.jpg",2048,1091,true]},"uagb_author_info":{"display_name":"ANDELLAC","author_link":"https:\/\/andellac.com.mx\/blog\/author\/ileana\/"},"uagb_comment_info":0,"uagb_excerpt":"Naucalpan, Estado de M\u00e9xico a 7 de marzo \u2013 En el marco del Congreso Mexicano de Repuestos Automotrices, evento que re\u00fane a los principales actores del sector automotriz, el C.P. Enrique Acosta y Arce, Presidente de la Asociaci\u00f3n Nacional de Distribuidores de Llantas y Plantas Renovadoras, A.C. (ANDELLAC), particip\u00f3 en el panel titulado \u201cEvoluci\u00f3n de&hellip;","jetpack_sharing_enabled":true,"rttpg_featured_image_url":{"full":["https:\/\/andellac.com.mx\/blog\/wp-content\/uploads\/2025\/03\/Evolucion-de-las-necesidades-de-los-talleres.jpg",2408,1283,false],"landscape":["https:\/\/andellac.com.mx\/blog\/wp-content\/uploads\/2025\/03\/Evolucion-de-las-necesidades-de-los-talleres.jpg",2408,1283,false],"portraits":["https:\/\/andellac.com.mx\/blog\/wp-content\/uploads\/2025\/03\/Evolucion-de-las-necesidades-de-los-talleres.jpg",2408,1283,false],"thumbnail":["https:\/\/andellac.com.mx\/blog\/wp-content\/uploads\/2025\/03\/Evolucion-de-las-necesidades-de-los-talleres-150x150.jpg",150,150,true],"medium":["https:\/\/andellac.com.mx\/blog\/wp-content\/uploads\/2025\/03\/Evolucion-de-las-necesidades-de-los-talleres-300x160.jpg",300,160,true],"large":["https:\/\/andellac.com.mx\/blog\/wp-content\/uploads\/2025\/03\/Evolucion-de-las-necesidades-de-los-talleres-1024x546.jpg",1024,546,true],"1536x1536":["https:\/\/andellac.com.mx\/blog\/wp-content\/uploads\/2025\/03\/Evolucion-de-las-necesidades-de-los-talleres-1536x818.jpg",1536,818,true],"2048x2048":["https:\/\/andellac.com.mx\/blog\/wp-content\/uploads\/2025\/03\/Evolucion-de-las-necesidades-de-los-talleres-2048x1091.jpg",2048,1091,true]},"rttpg_author":{"display_name":"ANDELLAC","author_link":"https:\/\/andellac.com.mx\/blog\/author\/ileana\/"},"rttpg_comment":0,"rttpg_category":"<a href=\"https:\/\/andellac.com.mx\/blog\/category\/andellac-en-accion\/\" rel=\"category tag\">ANDELLAC en Acci\u00f3n<\/a> <a href=\"https:\/\/andellac.com.mx\/blog\/category\/noticias-del-gremio-llantero\/\" rel=\"category tag\">Noticias del Gremio Llantero<\/a>","rttpg_excerpt":"Naucalpan, Estado de M\u00e9xico a 7 de marzo \u2013 En el marco del Congreso Mexicano de Repuestos Automotrices, evento que re\u00fane a los principales actores del sector automotriz, el C.P. Enrique Acosta y Arce, Presidente de la Asociaci\u00f3n Nacional de Distribuidores de Llantas y Plantas Renovadoras, A.C. (ANDELLAC), particip\u00f3 en el panel titulado \u201cEvoluci\u00f3n de&hellip;","_links":{"self":[{"href":"https:\/\/andellac.com.mx\/blog\/wp-json\/wp\/v2\/posts\/1621","targetHints":{"allow":["GET"]}}],"collection":[{"href":"https:\/\/andellac.com.mx\/blog\/wp-json\/wp\/v2\/posts"}],"about":[{"href":"https:\/\/andellac.com.mx\/blog\/wp-json\/wp\/v2\/types\/post"}],"author":[{"embeddable":true,"href":"https:\/\/andellac.com.mx\/blog\/wp-json\/wp\/v2\/users\/2"}],"replies":[{"embeddable":true,"href":"https:\/\/andellac.com.mx\/blog\/wp-json\/wp\/v2\/comments?post=1621"}],"version-history":[{"count":8,"href":"https:\/\/andellac.com.mx\/blog\/wp-json\/wp\/v2\/posts\/1621\/revisions"}],"predecessor-version":[{"id":1634,"href":"https:\/\/andellac.com.mx\/blog\/wp-json\/wp\/v2\/posts\/1621\/revisions\/1634"}],"wp:featuredmedia":[{"embeddable":true,"href":"https:\/\/andellac.com.mx\/blog\/wp-json\/wp\/v2\/media\/1623"}],"wp:attachment":[{"href":"https:\/\/andellac.com.mx\/blog\/wp-json\/wp\/v2\/media?parent=1621"}],"wp:term":[{"taxonomy":"category","embeddable":true,"href":"https:\/\/andellac.com.mx\/blog\/wp-json\/wp\/v2\/categories?post=1621"},{"taxonomy":"post_tag","embeddable":true,"href":"https:\/\/andellac.com.mx\/blog\/wp-json\/wp\/v2\/tags?post=1621"}],"curies":[{"name":"wp","href":"https:\/\/api.w.org\/{rel}","templated":true}]}}